{"id":21762,"date":"2023-06-07T09:11:48","date_gmt":"2023-06-07T07:11:48","guid":{"rendered":"https:\/\/www.botta.it\/?p=21762"},"modified":"2023-12-01T09:13:33","modified_gmt":"2023-12-01T08:13:33","slug":"lara-botta-vice-presidente-de-botta-ecopackaging-participe-a-une-table-ronde-sur-la-politique-dinclusion-lors-du-forum-lavoro-impresa-un-evenement-couronne-de-succes","status":"publish","type":"post","link":"https:\/\/www.botta.it\/fr\/non-classifiee\/lara-botta-vice-presidente-de-botta-ecopackaging-participe-a-une-table-ronde-sur-la-politique-dinclusion-lors-du-forum-lavoro-impresa-un-evenement-couronne-de-succes\/","title":{"rendered":"LARA BOTTA, VICE-PR\u00c9SIDENTE DE BOTTA ECOPACKAGING, PARTICIPE \u00c0 UNE TABLE RONDE SUR LA POLITIQUE D&rsquo;INCLUSION LORS DU FORUM LAVORO &#038; IMPRESA, UN \u00c9V\u00c9NEMENT COURONN\u00c9 DE SUCC\u00c8S"},"content":{"rendered":"<p>BOTTA EcoPackaging a le plaisir d&rsquo;annoncer la participation de Lara BOTTA, VP Business Development &amp; Innovation de l&rsquo;entreprise, en tant qu&rsquo;oratrice distingu\u00e9e \u00e0 l&rsquo;\u00e9v\u00e9nement tr\u00e8s attendu FORUM LAVORO &amp; IMPRESA organis\u00e9 par Class Editori et diffus\u00e9 en direct sur Clas CBNC (Sky 507), Milano Finanza et Italia Oggi. L&rsquo;\u00e9v\u00e9nement a eu lieu le 6 juin 2023 et a connu un grand succ\u00e8s.<\/p>\n<p><img decoding=\"async\" class=\"alignundefined wp-image-19321 size-full\" src=\"https:\/\/www.botta.it\/wp-content\/uploads\/2023\/06\/Lara-Botta-Lavoro-e-Impresa-Forum.png\" alt=\"Lara Botta was talking at a panel discussion broadcasted on Class CBNC and Milano Finanza\" width=\"1920\" height=\"1080\" srcset=\"https:\/\/www.botta.it\/wp-content\/uploads\/2023\/06\/Lara-Botta-Lavoro-e-Impresa-Forum.png 1920w, https:\/\/www.botta.it\/wp-content\/uploads\/2023\/06\/Lara-Botta-Lavoro-e-Impresa-Forum-1024x576.png 1024w, https:\/\/www.botta.it\/wp-content\/uploads\/2023\/06\/Lara-Botta-Lavoro-e-Impresa-Forum-150x84.png 150w, https:\/\/www.botta.it\/wp-content\/uploads\/2023\/06\/Lara-Botta-Lavoro-e-Impresa-Forum-768x432.png 768w, https:\/\/www.botta.it\/wp-content\/uploads\/2023\/06\/Lara-Botta-Lavoro-e-Impresa-Forum-1536x864.png 1536w, https:\/\/www.botta.it\/wp-content\/uploads\/2023\/06\/Lara-Botta-Lavoro-e-Impresa-Forum-240x135.png 240w\" sizes=\"(max-width: 1920px) 100vw, 1920px\" \/><\/p>\n<p>Lara BOTTA a fait part de sa profonde exp\u00e9rience et de ses id\u00e9es lors d&rsquo;un d\u00e9bat stimulant sur les politiques d&rsquo;inclusion visant \u00e0 r\u00e9duire l&rsquo;\u00e9cart entre les hommes et les femmes et \u00e0 promouvoir de nouvelles formes de valeur au sein des organisations. Lara a soulign\u00e9 : \u00ab\u00a0Le march\u00e9 est compos\u00e9 d&rsquo;hommes et de femmes. Investir dans l&rsquo;\u00e9galit\u00e9 des sexes n&rsquo;est pas seulement une question d&rsquo;\u00e9thique, c&rsquo;est aussi une question de viabilit\u00e9 \u00e9conomique. Pour r\u00e9pondre aux besoins du march\u00e9 et rester comp\u00e9titifs, nous devons nous concentrer sur des \u00e9quipes diverses et h\u00e9t\u00e9rog\u00e8nes afin de garantir que les produits et services cr\u00e9\u00e9s plaisent \u00e0 l&rsquo;ensemble de la population, hommes et femmes.\u00a0\u00bb<\/p>\n<p>Le FORUM LABOUR &amp; BUSINESS s&rsquo;est av\u00e9r\u00e9 \u00eatre un \u00e9v\u00e9nement multim\u00e9dia qui a rassembl\u00e9 d&rsquo;\u00e9minents chefs d&rsquo;entreprise, des responsables des ressources humaines et des experts de l&rsquo;industrie pour explorer les d\u00e9fis et les opportunit\u00e9s auxquels sont confront\u00e9es les organisations dans le paysage postpand\u00e9mique. L&rsquo;\u00e9v\u00e9nement a approfondi des sujets cruciaux tels que le nouveau march\u00e9 du travail, la transformation num\u00e9rique, le d\u00e9veloppement du capital humain et la fid\u00e9lisation des employ\u00e9s.<\/p>\n<p>Vous avez manqu\u00e9 l&rsquo;\u00e9v\u00e9nement ? Ne vous inqui\u00e9tez pas, vous pouvez consulter les liens ci-dessous :<\/p>\n<p>Pour l&rsquo;int\u00e9gralit\u00e9 de l&rsquo;\u00e9v\u00e9nement :<a href=\"https:\/\/video.milanofinanza.it\/video\/inclusione-per-ridurre-il-gender-gap-e-accrescere-valore-in-azienda-WFTWD3nGBlij\"> ici<\/a><br \/>\nPour l&rsquo;intervention de Lara uniquement : <a href=\"https:\/\/www.youtube.com\/watch?v=KuLsfXz3dgE\">ici<\/a><\/p>\n<p>Pour en savoir plus sur les solutions d&#8217;emballage durables de pointe de BOTTA EcoPackaging, visitez notre site web <a href=\"https:\/\/www.botta.it\/fr\/eco-emballage\/\">ici<\/a> ou contactez-nous \u00e0 l&rsquo;adresse <a href=\"mailto:info@BOTTA.it\">info@BOTTA.it<\/a>.<\/p>\n","protected":false},"excerpt":{"rendered":"<p>BOTTA EcoPackaging a le plaisir d&rsquo;annoncer la participation de Lara BOTTA, VP Business Development &amp; Innovation de l&rsquo;entreprise, en tant qu&rsquo;oratrice distingu\u00e9e \u00e0 l&rsquo;\u00e9v\u00e9nement tr\u00e8s attendu FORUM LAVORO &amp; IMPRESA organis\u00e9 par Class Editori et diffus\u00e9 en direct sur Clas CBNC (Sky 507), Milano Finanza et Italia Oggi. L&rsquo;\u00e9v\u00e9nement a eu lieu le 6 juin &hellip;<\/p>\n<p class=\"read-more\"> <a class=\"\" href=\"https:\/\/www.botta.it\/fr\/non-classifiee\/lara-botta-vice-presidente-de-botta-ecopackaging-participe-a-une-table-ronde-sur-la-politique-dinclusion-lors-du-forum-lavoro-impresa-un-evenement-couronne-de-succes\/\"> <span class=\"screen-reader-text\">LARA BOTTA, VICE-PR\u00c9SIDENTE DE BOTTA ECOPACKAGING, PARTICIPE \u00c0 UNE TABLE RONDE SUR LA POLITIQUE D&rsquo;INCLUSION LORS DU FORUM LAVORO &#038; IMPRESA, UN \u00c9V\u00c9NEMENT COURONN\u00c9 DE SUCC\u00c8S<\/span> Lire la Suite \u00bb<\/a><\/p>\n","protected":false},"author":19,"featured_media":19323,"comment_status":"closed","ping_status":"closed","sticky":false,"template":"","format":"standard","meta":{"om_disable_all_campaigns":false,"_monsterinsights_skip_tracking":false,"_monsterinsights_sitenote_active":false,"_monsterinsights_sitenote_note":"","_monsterinsights_sitenote_category":0,"site-sidebar-layout":"default","site-content-layout":"default","ast-global-header-display":"","ast-banner-title-visibility":"","ast-main-header-display":"","ast-hfb-above-header-display":"","ast-hfb-below-header-display":"","ast-hfb-mobile-header-display":"","site-post-title":"","ast-breadcrumbs-content":"","ast-featured-img":"","footer-sml-layout":"","theme-transparent-header-meta":"default","adv-header-id-meta":"","stick-header-meta":"","header-above-stick-meta":"","header-main-stick-meta":"","header-below-stick-meta":"","footnotes":""},"categories":[177],"tags":[],"aioseo_notices":[],"yoast_head":"<!-- This site is optimized with the Yoast SEO Premium plugin v19.2.1 (Yoast SEO v21.9.1) - https:\/\/yoast.com\/wordpress\/plugins\/seo\/ -->\n<title>BOTTA PACKAGING \u00bb eco-packaging solutions - LARA BOTTA, VICE-PR\u00c9SIDENTE DE BOTTA ECOPACKAGING, PARTICIPE \u00c0 UNE TABLE RONDE SUR LA POLITIQUE D&#039;INCLUSION LORS DU FORUM LAVORO &amp; IMPRESA, UN \u00c9V\u00c9NEMENT COURONN\u00c9 DE SUCC\u00c8S<\/title>\n<meta name=\"robots\" content=\"index, follow, max-snippet:-1, max-image-preview:large, max-video-preview:-1\" \/>\n<link rel=\"canonical\" href=\"https:\/\/www.botta.it\/fr\/non-classifiee\/lara-botta-vice-presidente-de-botta-ecopackaging-participe-a-une-table-ronde-sur-la-politique-dinclusion-lors-du-forum-lavoro-impresa-un-evenement-couronne-de-succes\/\" \/>\n<meta property=\"og:locale\" content=\"fr_FR\" \/>\n<meta property=\"og:type\" content=\"article\" \/>\n<meta property=\"og:title\" content=\"LARA BOTTA, VICE-PR\u00c9SIDENTE DE BOTTA ECOPACKAGING, PARTICIPE \u00c0 UNE TABLE RONDE SUR LA POLITIQUE D&#039;INCLUSION LORS DU FORUM LAVORO &amp; IMPRESA, UN \u00c9V\u00c9NEMENT COURONN\u00c9 DE SUCC\u00c8S\" \/>\n<meta property=\"og:description\" content=\"BOTTA EcoPackaging a le plaisir d&rsquo;annoncer la participation de Lara BOTTA, VP Business Development &amp; Innovation de l&rsquo;entreprise, en tant qu&rsquo;oratrice distingu\u00e9e \u00e0 l&rsquo;\u00e9v\u00e9nement tr\u00e8s attendu FORUM LAVORO &amp; IMPRESA organis\u00e9 par Class Editori et diffus\u00e9 en direct sur Clas CBNC (Sky 507), Milano Finanza et Italia Oggi. L&rsquo;\u00e9v\u00e9nement a eu lieu le 6 juin &hellip; LARA BOTTA, VICE-PR\u00c9SIDENTE DE BOTTA ECOPACKAGING, PARTICIPE \u00c0 UNE TABLE RONDE SUR LA POLITIQUE D&rsquo;INCLUSION LORS DU FORUM LAVORO &#038; IMPRESA, UN \u00c9V\u00c9NEMENT COURONN\u00c9 DE SUCC\u00c8S Lire la Suite \u00bb\" \/>\n<meta property=\"og:url\" content=\"https:\/\/www.botta.it\/fr\/non-classifiee\/lara-botta-vice-presidente-de-botta-ecopackaging-participe-a-une-table-ronde-sur-la-politique-dinclusion-lors-du-forum-lavoro-impresa-un-evenement-couronne-de-succes\/\" \/>\n<meta property=\"og:site_name\" content=\"BOTTA PACKAGING \u00bb eco-packaging solutions\" \/>\n<meta property=\"article:publisher\" content=\"https:\/\/www.facebook.com\/bottapackaging\/\" \/>\n<meta property=\"article:published_time\" content=\"2023-06-07T07:11:48+00:00\" \/>\n<meta property=\"article:modified_time\" content=\"2023-12-01T08:13:33+00:00\" \/>\n<meta property=\"og:image\" content=\"https:\/\/www.botta.it\/wp-content\/uploads\/2023\/06\/Lara-Botta-Lavoro-e-Impresa-Forum.png\" \/>\n\t<meta property=\"og:image:width\" content=\"1920\" \/>\n\t<meta property=\"og:image:height\" content=\"1080\" \/>\n\t<meta property=\"og:image:type\" content=\"image\/png\" \/>\n<meta name=\"author\" content=\"Clara Augustina\" \/>\n<meta name=\"twitter:card\" content=\"summary_large_image\" \/>\n<meta name=\"twitter:creator\" content=\"@botta_box\" \/>\n<meta name=\"twitter:site\" content=\"@botta_box\" \/>\n<script type=\"application\/ld+json\" class=\"yoast-schema-graph\">{\"@context\":\"https:\/\/schema.org\",\"@graph\":[{\"@type\":\"Article\",\"@id\":\"https:\/\/www.botta.it\/fr\/non-classifiee\/lara-botta-vice-presidente-de-botta-ecopackaging-participe-a-une-table-ronde-sur-la-politique-dinclusion-lors-du-forum-lavoro-impresa-un-evenement-couronne-de-succes\/#article\",\"isPartOf\":{\"@id\":\"https:\/\/www.botta.it\/fr\/non-classifiee\/lara-botta-vice-presidente-de-botta-ecopackaging-participe-a-une-table-ronde-sur-la-politique-dinclusion-lors-du-forum-lavoro-impresa-un-evenement-couronne-de-succes\/\"},\"author\":{\"name\":\"Clara Augustina\",\"@id\":\"https:\/\/www.botta.it\/#\/schema\/person\/c69d9d6062157a7a80589770c061b789\"},\"headline\":\"LARA BOTTA, VICE-PR\u00c9SIDENTE DE BOTTA ECOPACKAGING, PARTICIPE \u00c0 UNE TABLE RONDE SUR LA POLITIQUE D&rsquo;INCLUSION LORS DU FORUM LAVORO &#038; IMPRESA, UN \u00c9V\u00c9NEMENT COURONN\u00c9 DE SUCC\u00c8S\",\"datePublished\":\"2023-06-07T07:11:48+00:00\",\"dateModified\":\"2023-12-01T08:13:33+00:00\",\"mainEntityOfPage\":{\"@id\":\"https:\/\/www.botta.it\/fr\/non-classifiee\/lara-botta-vice-presidente-de-botta-ecopackaging-participe-a-une-table-ronde-sur-la-politique-dinclusion-lors-du-forum-lavoro-impresa-un-evenement-couronne-de-succes\/\"},\"wordCount\":350,\"publisher\":{\"@id\":\"https:\/\/www.botta.it\/#organization\"},\"articleSection\":[\"Non classifi\u00e9(e)\"],\"inLanguage\":\"fr-FR\"},{\"@type\":\"WebPage\",\"@id\":\"https:\/\/www.botta.it\/fr\/non-classifiee\/lara-botta-vice-presidente-de-botta-ecopackaging-participe-a-une-table-ronde-sur-la-politique-dinclusion-lors-du-forum-lavoro-impresa-un-evenement-couronne-de-succes\/\",\"url\":\"https:\/\/www.botta.it\/fr\/non-classifiee\/lara-botta-vice-presidente-de-botta-ecopackaging-participe-a-une-table-ronde-sur-la-politique-dinclusion-lors-du-forum-lavoro-impresa-un-evenement-couronne-de-succes\/\",\"name\":\"BOTTA PACKAGING \u00bb eco-packaging solutions - LARA BOTTA, VICE-PR\u00c9SIDENTE DE BOTTA ECOPACKAGING, PARTICIPE \u00c0 UNE TABLE RONDE SUR LA POLITIQUE D'INCLUSION LORS DU FORUM LAVORO & IMPRESA, UN \u00c9V\u00c9NEMENT COURONN\u00c9 DE SUCC\u00c8S\",\"isPartOf\":{\"@id\":\"https:\/\/www.botta.it\/#website\"},\"datePublished\":\"2023-06-07T07:11:48+00:00\",\"dateModified\":\"2023-12-01T08:13:33+00:00\",\"breadcrumb\":{\"@id\":\"https:\/\/www.botta.it\/fr\/non-classifiee\/lara-botta-vice-presidente-de-botta-ecopackaging-participe-a-une-table-ronde-sur-la-politique-dinclusion-lors-du-forum-lavoro-impresa-un-evenement-couronne-de-succes\/#breadcrumb\"},\"inLanguage\":\"fr-FR\",\"potentialAction\":[{\"@type\":\"ReadAction\",\"target\":[\"https:\/\/www.botta.it\/fr\/non-classifiee\/lara-botta-vice-presidente-de-botta-ecopackaging-participe-a-une-table-ronde-sur-la-politique-dinclusion-lors-du-forum-lavoro-impresa-un-evenement-couronne-de-succes\/\"]}]},{\"@type\":\"BreadcrumbList\",\"@id\":\"https:\/\/www.botta.it\/fr\/non-classifiee\/lara-botta-vice-presidente-de-botta-ecopackaging-participe-a-une-table-ronde-sur-la-politique-dinclusion-lors-du-forum-lavoro-impresa-un-evenement-couronne-de-succes\/#breadcrumb\",\"itemListElement\":[{\"@type\":\"ListItem\",\"position\":1,\"name\":\"Home\",\"item\":\"https:\/\/www.botta.it\/\"},{\"@type\":\"ListItem\",\"position\":2,\"name\":\"Non classifi\u00e9(e)\",\"item\":\"https:\/\/www.botta.it\/fr\/categorie\/non-classifiee\/\"},{\"@type\":\"ListItem\",\"position\":3,\"name\":\"LARA BOTTA, VICE-PR\u00c9SIDENTE DE BOTTA ECOPACKAGING, PARTICIPE \u00c0 UNE TABLE RONDE SUR LA POLITIQUE D&#8217;INCLUSION LORS DU FORUM LAVORO &#038; IMPRESA, UN \u00c9V\u00c9NEMENT COURONN\u00c9 DE SUCC\u00c8S\"}]},{\"@type\":\"WebSite\",\"@id\":\"https:\/\/www.botta.it\/#website\",\"url\":\"https:\/\/www.botta.it\/\",\"name\":\"BOTTA PACKAGING \u00bb eco-packaging solutions\",\"description\":\"Solutions d&#039;emballage \u00e9cologiques, fournitures carton ondul\u00e9, bo\u00eetes, enveloppes, airbags.\",\"publisher\":{\"@id\":\"https:\/\/www.botta.it\/#organization\"},\"potentialAction\":[{\"@type\":\"SearchAction\",\"target\":{\"@type\":\"EntryPoint\",\"urlTemplate\":\"https:\/\/www.botta.it\/?s={search_term_string}\"},\"query-input\":\"required name=search_term_string\"}],\"inLanguage\":\"fr-FR\"},{\"@type\":\"Organization\",\"@id\":\"https:\/\/www.botta.it\/#organization\",\"name\":\"BOTTA EcoPackaging\",\"url\":\"https:\/\/www.botta.it\/\",\"logo\":{\"@type\":\"ImageObject\",\"inLanguage\":\"fr-FR\",\"@id\":\"https:\/\/www.botta.it\/#\/schema\/logo\/image\/\",\"url\":\"https:\/\/www.botta.it\/wp-content\/uploads\/2021\/12\/Logo-RGB.png\",\"contentUrl\":\"https:\/\/www.botta.it\/wp-content\/uploads\/2021\/12\/Logo-RGB.png\",\"width\":1600,\"height\":1043,\"caption\":\"BOTTA EcoPackaging\"},\"image\":{\"@id\":\"https:\/\/www.botta.it\/#\/schema\/logo\/image\/\"},\"sameAs\":[\"https:\/\/www.facebook.com\/bottapackaging\/\",\"https:\/\/twitter.com\/botta_box\",\"https:\/\/www.instagram.com\/botta_box\/\",\"https:\/\/it.linkedin.com\/company\/botta-ecopackaging\",\"https:\/\/www.youtube.com\/channel\/UCLhT-tw_FsukJfrKi73c48Q\"]},{\"@type\":\"Person\",\"@id\":\"https:\/\/www.botta.it\/#\/schema\/person\/c69d9d6062157a7a80589770c061b789\",\"name\":\"Clara Augustina\",\"image\":{\"@type\":\"ImageObject\",\"inLanguage\":\"fr-FR\",\"@id\":\"https:\/\/www.botta.it\/#\/schema\/person\/image\/\",\"url\":\"https:\/\/secure.gravatar.com\/avatar\/801c896cd3c0f60abcd175b4d08d0ae5?s=96&d=mm&r=g\",\"contentUrl\":\"https:\/\/secure.gravatar.com\/avatar\/801c896cd3c0f60abcd175b4d08d0ae5?s=96&d=mm&r=g\",\"caption\":\"Clara Augustina\"}}]}<\/script>\n<!-- \/ Yoast SEO Premium plugin. -->","yoast_head_json":{"title":"BOTTA PACKAGING \u00bb eco-packaging solutions - LARA BOTTA, VICE-PR\u00c9SIDENTE DE BOTTA ECOPACKAGING, PARTICIPE \u00c0 UNE TABLE RONDE SUR LA POLITIQUE D'INCLUSION LORS DU FORUM LAVORO & IMPRESA, UN \u00c9V\u00c9NEMENT COURONN\u00c9 DE SUCC\u00c8S","robots":{"index":"index","follow":"follow","max-snippet":"max-snippet:-1","max-image-preview":"max-image-preview:large","max-video-preview":"max-video-preview:-1"},"canonical":"https:\/\/www.botta.it\/fr\/non-classifiee\/lara-botta-vice-presidente-de-botta-ecopackaging-participe-a-une-table-ronde-sur-la-politique-dinclusion-lors-du-forum-lavoro-impresa-un-evenement-couronne-de-succes\/","og_locale":"fr_FR","og_type":"article","og_title":"LARA BOTTA, VICE-PR\u00c9SIDENTE DE BOTTA ECOPACKAGING, PARTICIPE \u00c0 UNE TABLE RONDE SUR LA POLITIQUE D'INCLUSION LORS DU FORUM LAVORO & IMPRESA, UN \u00c9V\u00c9NEMENT COURONN\u00c9 DE SUCC\u00c8S","og_description":"BOTTA EcoPackaging a le plaisir d&rsquo;annoncer la participation de Lara BOTTA, VP Business Development &amp; Innovation de l&rsquo;entreprise, en tant qu&rsquo;oratrice distingu\u00e9e \u00e0 l&rsquo;\u00e9v\u00e9nement tr\u00e8s attendu FORUM LAVORO &amp; IMPRESA organis\u00e9 par Class Editori et diffus\u00e9 en direct sur Clas CBNC (Sky 507), Milano Finanza et Italia Oggi. L&rsquo;\u00e9v\u00e9nement a eu lieu le 6 juin &hellip; LARA BOTTA, VICE-PR\u00c9SIDENTE DE BOTTA ECOPACKAGING, PARTICIPE \u00c0 UNE TABLE RONDE SUR LA POLITIQUE D&rsquo;INCLUSION LORS DU FORUM LAVORO &#038; IMPRESA, UN \u00c9V\u00c9NEMENT COURONN\u00c9 DE SUCC\u00c8S Lire la Suite \u00bb","og_url":"https:\/\/www.botta.it\/fr\/non-classifiee\/lara-botta-vice-presidente-de-botta-ecopackaging-participe-a-une-table-ronde-sur-la-politique-dinclusion-lors-du-forum-lavoro-impresa-un-evenement-couronne-de-succes\/","og_site_name":"BOTTA PACKAGING \u00bb eco-packaging solutions","article_publisher":"https:\/\/www.facebook.com\/bottapackaging\/","article_published_time":"2023-06-07T07:11:48+00:00","article_modified_time":"2023-12-01T08:13:33+00:00","og_image":[{"width":1920,"height":1080,"url":"https:\/\/www.botta.it\/wp-content\/uploads\/2023\/06\/Lara-Botta-Lavoro-e-Impresa-Forum.png","type":"image\/png"}],"author":"Clara Augustina","twitter_card":"summary_large_image","twitter_creator":"@botta_box","twitter_site":"@botta_box","schema":{"@context":"https:\/\/schema.org","@graph":[{"@type":"Article","@id":"https:\/\/www.botta.it\/fr\/non-classifiee\/lara-botta-vice-presidente-de-botta-ecopackaging-participe-a-une-table-ronde-sur-la-politique-dinclusion-lors-du-forum-lavoro-impresa-un-evenement-couronne-de-succes\/#article","isPartOf":{"@id":"https:\/\/www.botta.it\/fr\/non-classifiee\/lara-botta-vice-presidente-de-botta-ecopackaging-participe-a-une-table-ronde-sur-la-politique-dinclusion-lors-du-forum-lavoro-impresa-un-evenement-couronne-de-succes\/"},"author":{"name":"Clara Augustina","@id":"https:\/\/www.botta.it\/#\/schema\/person\/c69d9d6062157a7a80589770c061b789"},"headline":"LARA BOTTA, VICE-PR\u00c9SIDENTE DE BOTTA ECOPACKAGING, PARTICIPE \u00c0 UNE TABLE RONDE SUR LA POLITIQUE D&rsquo;INCLUSION LORS DU FORUM LAVORO &#038; IMPRESA, UN \u00c9V\u00c9NEMENT COURONN\u00c9 DE SUCC\u00c8S","datePublished":"2023-06-07T07:11:48+00:00","dateModified":"2023-12-01T08:13:33+00:00","mainEntityOfPage":{"@id":"https:\/\/www.botta.it\/fr\/non-classifiee\/lara-botta-vice-presidente-de-botta-ecopackaging-participe-a-une-table-ronde-sur-la-politique-dinclusion-lors-du-forum-lavoro-impresa-un-evenement-couronne-de-succes\/"},"wordCount":350,"publisher":{"@id":"https:\/\/www.botta.it\/#organization"},"articleSection":["Non classifi\u00e9(e)"],"inLanguage":"fr-FR"},{"@type":"WebPage","@id":"https:\/\/www.botta.it\/fr\/non-classifiee\/lara-botta-vice-presidente-de-botta-ecopackaging-participe-a-une-table-ronde-sur-la-politique-dinclusion-lors-du-forum-lavoro-impresa-un-evenement-couronne-de-succes\/","url":"https:\/\/www.botta.it\/fr\/non-classifiee\/lara-botta-vice-presidente-de-botta-ecopackaging-participe-a-une-table-ronde-sur-la-politique-dinclusion-lors-du-forum-lavoro-impresa-un-evenement-couronne-de-succes\/","name":"BOTTA PACKAGING \u00bb eco-packaging solutions - LARA BOTTA, VICE-PR\u00c9SIDENTE DE BOTTA ECOPACKAGING, PARTICIPE \u00c0 UNE TABLE RONDE SUR LA POLITIQUE D'INCLUSION LORS DU FORUM LAVORO & IMPRESA, UN \u00c9V\u00c9NEMENT COURONN\u00c9 DE SUCC\u00c8S","isPartOf":{"@id":"https:\/\/www.botta.it\/#website"},"datePublished":"2023-06-07T07:11:48+00:00","dateModified":"2023-12-01T08:13:33+00:00","breadcrumb":{"@id":"https:\/\/www.botta.it\/fr\/non-classifiee\/lara-botta-vice-presidente-de-botta-ecopackaging-participe-a-une-table-ronde-sur-la-politique-dinclusion-lors-du-forum-lavoro-impresa-un-evenement-couronne-de-succes\/#breadcrumb"},"inLanguage":"fr-FR","potentialAction":[{"@type":"ReadAction","target":["https:\/\/www.botta.it\/fr\/non-classifiee\/lara-botta-vice-presidente-de-botta-ecopackaging-participe-a-une-table-ronde-sur-la-politique-dinclusion-lors-du-forum-lavoro-impresa-un-evenement-couronne-de-succes\/"]}]},{"@type":"BreadcrumbList","@id":"https:\/\/www.botta.it\/fr\/non-classifiee\/lara-botta-vice-presidente-de-botta-ecopackaging-participe-a-une-table-ronde-sur-la-politique-dinclusion-lors-du-forum-lavoro-impresa-un-evenement-couronne-de-succes\/#breadcrumb","itemListElement":[{"@type":"ListItem","position":1,"name":"Home","item":"https:\/\/www.botta.it\/"},{"@type":"ListItem","position":2,"name":"Non classifi\u00e9(e)","item":"https:\/\/www.botta.it\/fr\/categorie\/non-classifiee\/"},{"@type":"ListItem","position":3,"name":"LARA BOTTA, VICE-PR\u00c9SIDENTE DE BOTTA ECOPACKAGING, PARTICIPE \u00c0 UNE TABLE RONDE SUR LA POLITIQUE D&#8217;INCLUSION LORS DU FORUM LAVORO &#038; IMPRESA, UN \u00c9V\u00c9NEMENT COURONN\u00c9 DE SUCC\u00c8S"}]},{"@type":"WebSite","@id":"https:\/\/www.botta.it\/#website","url":"https:\/\/www.botta.it\/","name":"BOTTA PACKAGING \u00bb eco-packaging solutions","description":"Solutions d&#039;emballage \u00e9cologiques, fournitures carton ondul\u00e9, bo\u00eetes, enveloppes, airbags.","publisher":{"@id":"https:\/\/www.botta.it\/#organization"},"potentialAction":[{"@type":"SearchAction","target":{"@type":"EntryPoint","urlTemplate":"https:\/\/www.botta.it\/?s={search_term_string}"},"query-input":"required name=search_term_string"}],"inLanguage":"fr-FR"},{"@type":"Organization","@id":"https:\/\/www.botta.it\/#organization","name":"BOTTA EcoPackaging","url":"https:\/\/www.botta.it\/","logo":{"@type":"ImageObject","inLanguage":"fr-FR","@id":"https:\/\/www.botta.it\/#\/schema\/logo\/image\/","url":"https:\/\/www.botta.it\/wp-content\/uploads\/2021\/12\/Logo-RGB.png","contentUrl":"https:\/\/www.botta.it\/wp-content\/uploads\/2021\/12\/Logo-RGB.png","width":1600,"height":1043,"caption":"BOTTA EcoPackaging"},"image":{"@id":"https:\/\/www.botta.it\/#\/schema\/logo\/image\/"},"sameAs":["https:\/\/www.facebook.com\/bottapackaging\/","https:\/\/twitter.com\/botta_box","https:\/\/www.instagram.com\/botta_box\/","https:\/\/it.linkedin.com\/company\/botta-ecopackaging","https:\/\/www.youtube.com\/channel\/UCLhT-tw_FsukJfrKi73c48Q"]},{"@type":"Person","@id":"https:\/\/www.botta.it\/#\/schema\/person\/c69d9d6062157a7a80589770c061b789","name":"Clara Augustina","image":{"@type":"ImageObject","inLanguage":"fr-FR","@id":"https:\/\/www.botta.it\/#\/schema\/person\/image\/","url":"https:\/\/secure.gravatar.com\/avatar\/801c896cd3c0f60abcd175b4d08d0ae5?s=96&d=mm&r=g","contentUrl":"https:\/\/secure.gravatar.com\/avatar\/801c896cd3c0f60abcd175b4d08d0ae5?s=96&d=mm&r=g","caption":"Clara Augustina"}}]}},"_links":{"self":[{"href":"https:\/\/www.botta.it\/fr\/wp-json\/wp\/v2\/posts\/21762"}],"collection":[{"href":"https:\/\/www.botta.it\/fr\/wp-json\/wp\/v2\/posts"}],"about":[{"href":"https:\/\/www.botta.it\/fr\/wp-json\/wp\/v2\/types\/post"}],"author":[{"embeddable":true,"href":"https:\/\/www.botta.it\/fr\/wp-json\/wp\/v2\/users\/19"}],"replies":[{"embeddable":true,"href":"https:\/\/www.botta.it\/fr\/wp-json\/wp\/v2\/comments?post=21762"}],"version-history":[{"count":1,"href":"https:\/\/www.botta.it\/fr\/wp-json\/wp\/v2\/posts\/21762\/revisions"}],"predecessor-version":[{"id":21783,"href":"https:\/\/www.botta.it\/fr\/wp-json\/wp\/v2\/posts\/21762\/revisions\/21783"}],"wp:featuredmedia":[{"embeddable":true,"href":"https:\/\/www.botta.it\/fr\/wp-json\/wp\/v2\/media\/19323"}],"wp:attachment":[{"href":"https:\/\/www.botta.it\/fr\/wp-json\/wp\/v2\/media?parent=21762"}],"wp:term":[{"taxonomy":"category","embeddable":true,"href":"https:\/\/www.botta.it\/fr\/wp-json\/wp\/v2\/categories?post=21762"},{"taxonomy":"post_tag","embeddable":true,"href":"https:\/\/www.botta.it\/fr\/wp-json\/wp\/v2\/tags?post=21762"}],"curies":[{"name":"wp","href":"https:\/\/api.w.org\/{rel}","templated":true}]}}