{"id":21621,"date":"2021-02-26T09:32:46","date_gmt":"2021-02-26T08:32:46","guid":{"rendered":"https:\/\/www.botta.it\/?p=21621"},"modified":"2023-11-30T09:38:29","modified_gmt":"2023-11-30T08:38:29","slug":"__trashed","status":"publish","type":"post","link":"https:\/\/www.botta.it\/fr\/non-classifiee\/__trashed\/","title":{"rendered":"CNEL : FLORIANO BOTTA \u00c9LU VICE-PR\u00c9SIDENT"},"content":{"rendered":"<p><img decoding=\"async\" class=\"size-full wp-image-12088 aligncenter\" src=\"https:\/\/www.botta.it\/wp-content\/uploads\/2021\/04\/FLORIANO-BOTTA_PRESIDENTE-BOTTA.jpg\" alt=\"\" width=\"266\" height=\"239\" srcset=\"https:\/\/www.botta.it\/wp-content\/uploads\/2021\/04\/FLORIANO-BOTTA_PRESIDENTE-BOTTA.jpg 266w, https:\/\/www.botta.it\/wp-content\/uploads\/2021\/04\/FLORIANO-BOTTA_PRESIDENTE-BOTTA-240x216.jpg 240w\" sizes=\"(max-width: 266px) 100vw, 266px\" \/><\/p>\n<p>Nous avons le plaisir de vous informer que notre Pr\u00e9sident, <a href=\"https:\/\/www.botta.it\/fr\/chi-siamo-2\/famille-botta\/\">Floriano Botta<\/a>, repr\u00e9sentant de la <a href=\"https:\/\/www.confindustria.it\/home\">Confindustria<\/a>, a \u00e9t\u00e9 \u00e9lu <a href=\"https:\/\/www.cnel.it\/Comunicazione-e-Stampa\/Notizie\/ArtMID\/694\/ArticleID\/1567\/FLORIANO-BOTTA-ELETTO-VICEPRESIDENTE-DEL-CNEL\">Vice-pr\u00e9sident<\/a> par l&rsquo;<em>Assembl\u00e9e du Conseil national de l&rsquo;\u00e9conomie et du travail<\/em> <a href=\"https:\/\/www.cnel.it\/Chi-Siamo\">CNEL<\/a> lors de sa r\u00e9union du mercredi 24 f\u00e9vrier 2021 ; vous pouvez lire son discours <a href=\"https:\/\/www.botta.it\/Users\/Shared1\/Downloads\/discorso%20del%20vicepresidente%20Floriano%20Botta%20-%20CNEL%20Assemblea%2024%20febbraio%202021.pdf\">ici<\/a>.<\/p>\n<p><strong>Revue de presse :<\/strong><\/p>\n<ul>\n<li><strong>ItaliaGrafica <a href=\"https:\/\/www.italiagrafica.com\/limprenditore-cartotecnico-floriano-botta-eletto-vicepresidente-del-cnel\/\">ici<\/a><\/strong><\/li>\n<li><strong>CIU-Conf\u00e9d\u00e9ration italienne des syndicats des professions intellectuelles <a href=\"http:\/\/www.ciuonline.it\/comunicati-stampa\/floriano-botta-eletto-vicepresidente-del-cnel\/\">ici<\/a><\/strong><\/li>\n<li><strong>Confetra <a href=\"https:\/\/www.confetra.com\/cnel-confindustria-confitarma-confetra-per-floriano-botta-vicepresidente\/\">ici<\/a><\/strong><\/li>\n<li><strong>Shipmag <a href=\"https:\/\/www.shipmag.it\/confindustria-confitarma-e-confetra-per-floriano-botta-vicepresidente-del-cnel\/\">ici<\/a><\/strong><\/li>\n<li><strong>Corriere del Giorno <a href=\"https:\/\/www.ilcorrieredelgiorno.it\/cnel-nominato-il-nuovo-consiglio-dellente-oggetto-del-referendum-ecco-i-nomi-dei-benificiari-dello-spreco-di-denaro-pubblico\/\">ici<\/a><\/strong><\/li>\n<li><strong>Yahoo Finance <a href=\"https:\/\/it.finance.yahoo.com\/notizie\/cnel-floriano-botta-eletto-vicepresidente-121526040.html?guccounter=1&amp;guce_referrer=aHR0cHM6Ly93d3cuZ29vZ2xlLmNvbS8&amp;guce_referrer_sig=AQAAAFbPuG1C0CmVsqfYWXtR8UiJt5TkuUHcoQivWDXwFZvJdo4rzuMJiP3_f36o9iwbubVOfdcpclIpCzowNJbuwwcxsmEsefbRsQkkHqy64Hlx11L70GxQjMxUJdkWYMgPzg8QsjsvDMskjxpMLvDsI5-9iTBXD8j7YsFZGT_K30gq\">ici<\/a><\/strong><\/li>\n<\/ul>\n<p>&nbsp;<\/p>\n","protected":false},"excerpt":{"rendered":"<p>Nous avons le plaisir de vous informer que notre Pr\u00e9sident, Floriano Botta, repr\u00e9sentant de la Confindustria, a \u00e9t\u00e9 \u00e9lu Vice-pr\u00e9sident par l&rsquo;Assembl\u00e9e du Conseil national de l&rsquo;\u00e9conomie et du travail CNEL lors de sa r\u00e9union du mercredi 24 f\u00e9vrier 2021 ; vous pouvez lire son discours ici. Revue de presse : ItaliaGrafica ici CIU-Conf\u00e9d\u00e9ration italienne &hellip;<\/p>\n<p class=\"read-more\"> <a class=\"\" href=\"https:\/\/www.botta.it\/fr\/non-classifiee\/__trashed\/\"> <span class=\"screen-reader-text\">CNEL : FLORIANO BOTTA \u00c9LU VICE-PR\u00c9SIDENT<\/span> Lire la Suite \u00bb<\/a><\/p>\n","protected":false},"author":19,"featured_media":12090,"comment_status":"closed","ping_status":"closed","sticky":false,"template":"","format":"standard","meta":{"om_disable_all_campaigns":false,"_monsterinsights_skip_tracking":false,"_monsterinsights_sitenote_active":false,"_monsterinsights_sitenote_note":"","_monsterinsights_sitenote_category":0,"site-sidebar-layout":"default","site-content-layout":"default","ast-global-header-display":"","ast-banner-title-visibility":"","ast-main-header-display":"","ast-hfb-above-header-display":"","ast-hfb-below-header-display":"","ast-hfb-mobile-header-display":"","site-post-title":"","ast-breadcrumbs-content":"","ast-featured-img":"","footer-sml-layout":"","theme-transparent-header-meta":"default","adv-header-id-meta":"","stick-header-meta":"","header-above-stick-meta":"","header-main-stick-meta":"","header-below-stick-meta":"","footnotes":""},"categories":[177],"tags":[],"aioseo_notices":[],"yoast_head":"<!-- This site is optimized with the Yoast SEO Premium plugin v19.2.1 (Yoast SEO v21.9.1) - https:\/\/yoast.com\/wordpress\/plugins\/seo\/ -->\n<title>BOTTA PACKAGING \u00bb eco-packaging solutions - CNEL : FLORIANO BOTTA \u00c9LU VICE-PR\u00c9SIDENT<\/title>\n<meta name=\"robots\" content=\"index, follow, max-snippet:-1, max-image-preview:large, max-video-preview:-1\" \/>\n<link rel=\"canonical\" href=\"https:\/\/www.botta.it\/fr\/non-classifiee\/__trashed\/\" \/>\n<meta property=\"og:locale\" content=\"fr_FR\" \/>\n<meta property=\"og:type\" content=\"article\" \/>\n<meta property=\"og:title\" content=\"CNEL : FLORIANO BOTTA \u00c9LU VICE-PR\u00c9SIDENT\" \/>\n<meta property=\"og:description\" content=\"Nous avons le plaisir de vous informer que notre Pr\u00e9sident, Floriano Botta, repr\u00e9sentant de la Confindustria, a \u00e9t\u00e9 \u00e9lu Vice-pr\u00e9sident par l&rsquo;Assembl\u00e9e du Conseil national de l&rsquo;\u00e9conomie et du travail CNEL lors de sa r\u00e9union du mercredi 24 f\u00e9vrier 2021 ; vous pouvez lire son discours ici. Revue de presse : ItaliaGrafica ici CIU-Conf\u00e9d\u00e9ration italienne &hellip; CNEL : FLORIANO BOTTA \u00c9LU VICE-PR\u00c9SIDENT Lire la Suite \u00bb\" \/>\n<meta property=\"og:url\" content=\"https:\/\/www.botta.it\/fr\/non-classifiee\/__trashed\/\" \/>\n<meta property=\"og:site_name\" content=\"BOTTA PACKAGING \u00bb eco-packaging solutions\" \/>\n<meta property=\"article:publisher\" content=\"https:\/\/www.facebook.com\/bottapackaging\/\" \/>\n<meta property=\"article:published_time\" content=\"2021-02-26T08:32:46+00:00\" \/>\n<meta property=\"article:modified_time\" content=\"2023-11-30T08:38:29+00:00\" \/>\n<meta property=\"og:image\" content=\"https:\/\/www.botta.it\/wp-content\/uploads\/2021\/04\/FLORIANO-BOTTA_PRESIDENTE-BOTTA.jpg\" \/>\n\t<meta property=\"og:image:width\" content=\"266\" \/>\n\t<meta property=\"og:image:height\" content=\"239\" \/>\n\t<meta property=\"og:image:type\" content=\"image\/jpeg\" \/>\n<meta name=\"author\" content=\"Clara Augustina\" \/>\n<meta name=\"twitter:card\" content=\"summary_large_image\" \/>\n<meta name=\"twitter:creator\" content=\"@botta_box\" \/>\n<meta name=\"twitter:site\" content=\"@botta_box\" \/>\n<script type=\"application\/ld+json\" class=\"yoast-schema-graph\">{\"@context\":\"https:\/\/schema.org\",\"@graph\":[{\"@type\":\"Article\",\"@id\":\"https:\/\/www.botta.it\/fr\/non-classifiee\/__trashed\/#article\",\"isPartOf\":{\"@id\":\"https:\/\/www.botta.it\/fr\/non-classifiee\/__trashed\/\"},\"author\":{\"name\":\"Clara Augustina\",\"@id\":\"https:\/\/www.botta.it\/#\/schema\/person\/c69d9d6062157a7a80589770c061b789\"},\"headline\":\"CNEL : FLORIANO BOTTA \u00c9LU VICE-PR\u00c9SIDENT\",\"datePublished\":\"2021-02-26T08:32:46+00:00\",\"dateModified\":\"2023-11-30T08:38:29+00:00\",\"mainEntityOfPage\":{\"@id\":\"https:\/\/www.botta.it\/fr\/non-classifiee\/__trashed\/\"},\"wordCount\":84,\"publisher\":{\"@id\":\"https:\/\/www.botta.it\/#organization\"},\"articleSection\":[\"Non classifi\u00e9(e)\"],\"inLanguage\":\"fr-FR\"},{\"@type\":\"WebPage\",\"@id\":\"https:\/\/www.botta.it\/fr\/non-classifiee\/__trashed\/\",\"url\":\"https:\/\/www.botta.it\/fr\/non-classifiee\/__trashed\/\",\"name\":\"BOTTA PACKAGING \u00bb eco-packaging solutions - CNEL : FLORIANO BOTTA \u00c9LU VICE-PR\u00c9SIDENT\",\"isPartOf\":{\"@id\":\"https:\/\/www.botta.it\/#website\"},\"datePublished\":\"2021-02-26T08:32:46+00:00\",\"dateModified\":\"2023-11-30T08:38:29+00:00\",\"breadcrumb\":{\"@id\":\"https:\/\/www.botta.it\/fr\/non-classifiee\/__trashed\/#breadcrumb\"},\"inLanguage\":\"fr-FR\",\"potentialAction\":[{\"@type\":\"ReadAction\",\"target\":[\"https:\/\/www.botta.it\/fr\/non-classifiee\/__trashed\/\"]}]},{\"@type\":\"BreadcrumbList\",\"@id\":\"https:\/\/www.botta.it\/fr\/non-classifiee\/__trashed\/#breadcrumb\",\"itemListElement\":[{\"@type\":\"ListItem\",\"position\":1,\"name\":\"Home\",\"item\":\"https:\/\/www.botta.it\/\"},{\"@type\":\"ListItem\",\"position\":2,\"name\":\"Non classifi\u00e9(e)\",\"item\":\"https:\/\/www.botta.it\/fr\/categorie\/non-classifiee\/\"},{\"@type\":\"ListItem\",\"position\":3,\"name\":\"CNEL : FLORIANO BOTTA \u00c9LU VICE-PR\u00c9SIDENT\"}]},{\"@type\":\"WebSite\",\"@id\":\"https:\/\/www.botta.it\/#website\",\"url\":\"https:\/\/www.botta.it\/\",\"name\":\"BOTTA PACKAGING \u00bb eco-packaging solutions\",\"description\":\"Solutions d&#039;emballage \u00e9cologiques, fournitures carton ondul\u00e9, bo\u00eetes, enveloppes, airbags.\",\"publisher\":{\"@id\":\"https:\/\/www.botta.it\/#organization\"},\"potentialAction\":[{\"@type\":\"SearchAction\",\"target\":{\"@type\":\"EntryPoint\",\"urlTemplate\":\"https:\/\/www.botta.it\/?s={search_term_string}\"},\"query-input\":\"required name=search_term_string\"}],\"inLanguage\":\"fr-FR\"},{\"@type\":\"Organization\",\"@id\":\"https:\/\/www.botta.it\/#organization\",\"name\":\"BOTTA EcoPackaging\",\"url\":\"https:\/\/www.botta.it\/\",\"logo\":{\"@type\":\"ImageObject\",\"inLanguage\":\"fr-FR\",\"@id\":\"https:\/\/www.botta.it\/#\/schema\/logo\/image\/\",\"url\":\"https:\/\/www.botta.it\/wp-content\/uploads\/2021\/12\/Logo-RGB.png\",\"contentUrl\":\"https:\/\/www.botta.it\/wp-content\/uploads\/2021\/12\/Logo-RGB.png\",\"width\":1600,\"height\":1043,\"caption\":\"BOTTA EcoPackaging\"},\"image\":{\"@id\":\"https:\/\/www.botta.it\/#\/schema\/logo\/image\/\"},\"sameAs\":[\"https:\/\/www.facebook.com\/bottapackaging\/\",\"https:\/\/twitter.com\/botta_box\",\"https:\/\/www.instagram.com\/botta_box\/\",\"https:\/\/it.linkedin.com\/company\/botta-ecopackaging\",\"https:\/\/www.youtube.com\/channel\/UCLhT-tw_FsukJfrKi73c48Q\"]},{\"@type\":\"Person\",\"@id\":\"https:\/\/www.botta.it\/#\/schema\/person\/c69d9d6062157a7a80589770c061b789\",\"name\":\"Clara Augustina\",\"image\":{\"@type\":\"ImageObject\",\"inLanguage\":\"fr-FR\",\"@id\":\"https:\/\/www.botta.it\/#\/schema\/person\/image\/\",\"url\":\"https:\/\/secure.gravatar.com\/avatar\/801c896cd3c0f60abcd175b4d08d0ae5?s=96&d=mm&r=g\",\"contentUrl\":\"https:\/\/secure.gravatar.com\/avatar\/801c896cd3c0f60abcd175b4d08d0ae5?s=96&d=mm&r=g\",\"caption\":\"Clara Augustina\"}}]}<\/script>\n<!-- \/ Yoast SEO Premium plugin. -->","yoast_head_json":{"title":"BOTTA PACKAGING \u00bb eco-packaging solutions - CNEL : FLORIANO BOTTA \u00c9LU VICE-PR\u00c9SIDENT","robots":{"index":"index","follow":"follow","max-snippet":"max-snippet:-1","max-image-preview":"max-image-preview:large","max-video-preview":"max-video-preview:-1"},"canonical":"https:\/\/www.botta.it\/fr\/non-classifiee\/__trashed\/","og_locale":"fr_FR","og_type":"article","og_title":"CNEL : FLORIANO BOTTA \u00c9LU VICE-PR\u00c9SIDENT","og_description":"Nous avons le plaisir de vous informer que notre Pr\u00e9sident, Floriano Botta, repr\u00e9sentant de la Confindustria, a \u00e9t\u00e9 \u00e9lu Vice-pr\u00e9sident par l&rsquo;Assembl\u00e9e du Conseil national de l&rsquo;\u00e9conomie et du travail CNEL lors de sa r\u00e9union du mercredi 24 f\u00e9vrier 2021 ; vous pouvez lire son discours ici. Revue de presse : ItaliaGrafica ici CIU-Conf\u00e9d\u00e9ration italienne &hellip; CNEL : FLORIANO BOTTA \u00c9LU VICE-PR\u00c9SIDENT Lire la Suite \u00bb","og_url":"https:\/\/www.botta.it\/fr\/non-classifiee\/__trashed\/","og_site_name":"BOTTA PACKAGING \u00bb eco-packaging solutions","article_publisher":"https:\/\/www.facebook.com\/bottapackaging\/","article_published_time":"2021-02-26T08:32:46+00:00","article_modified_time":"2023-11-30T08:38:29+00:00","og_image":[{"width":266,"height":239,"url":"https:\/\/www.botta.it\/wp-content\/uploads\/2021\/04\/FLORIANO-BOTTA_PRESIDENTE-BOTTA.jpg","type":"image\/jpeg"}],"author":"Clara Augustina","twitter_card":"summary_large_image","twitter_creator":"@botta_box","twitter_site":"@botta_box","schema":{"@context":"https:\/\/schema.org","@graph":[{"@type":"Article","@id":"https:\/\/www.botta.it\/fr\/non-classifiee\/__trashed\/#article","isPartOf":{"@id":"https:\/\/www.botta.it\/fr\/non-classifiee\/__trashed\/"},"author":{"name":"Clara Augustina","@id":"https:\/\/www.botta.it\/#\/schema\/person\/c69d9d6062157a7a80589770c061b789"},"headline":"CNEL : FLORIANO BOTTA \u00c9LU VICE-PR\u00c9SIDENT","datePublished":"2021-02-26T08:32:46+00:00","dateModified":"2023-11-30T08:38:29+00:00","mainEntityOfPage":{"@id":"https:\/\/www.botta.it\/fr\/non-classifiee\/__trashed\/"},"wordCount":84,"publisher":{"@id":"https:\/\/www.botta.it\/#organization"},"articleSection":["Non classifi\u00e9(e)"],"inLanguage":"fr-FR"},{"@type":"WebPage","@id":"https:\/\/www.botta.it\/fr\/non-classifiee\/__trashed\/","url":"https:\/\/www.botta.it\/fr\/non-classifiee\/__trashed\/","name":"BOTTA PACKAGING \u00bb eco-packaging solutions - CNEL : FLORIANO BOTTA \u00c9LU VICE-PR\u00c9SIDENT","isPartOf":{"@id":"https:\/\/www.botta.it\/#website"},"datePublished":"2021-02-26T08:32:46+00:00","dateModified":"2023-11-30T08:38:29+00:00","breadcrumb":{"@id":"https:\/\/www.botta.it\/fr\/non-classifiee\/__trashed\/#breadcrumb"},"inLanguage":"fr-FR","potentialAction":[{"@type":"ReadAction","target":["https:\/\/www.botta.it\/fr\/non-classifiee\/__trashed\/"]}]},{"@type":"BreadcrumbList","@id":"https:\/\/www.botta.it\/fr\/non-classifiee\/__trashed\/#breadcrumb","itemListElement":[{"@type":"ListItem","position":1,"name":"Home","item":"https:\/\/www.botta.it\/"},{"@type":"ListItem","position":2,"name":"Non classifi\u00e9(e)","item":"https:\/\/www.botta.it\/fr\/categorie\/non-classifiee\/"},{"@type":"ListItem","position":3,"name":"CNEL : FLORIANO BOTTA \u00c9LU VICE-PR\u00c9SIDENT"}]},{"@type":"WebSite","@id":"https:\/\/www.botta.it\/#website","url":"https:\/\/www.botta.it\/","name":"BOTTA PACKAGING \u00bb eco-packaging solutions","description":"Solutions d&#039;emballage \u00e9cologiques, fournitures carton ondul\u00e9, bo\u00eetes, enveloppes, airbags.","publisher":{"@id":"https:\/\/www.botta.it\/#organization"},"potentialAction":[{"@type":"SearchAction","target":{"@type":"EntryPoint","urlTemplate":"https:\/\/www.botta.it\/?s={search_term_string}"},"query-input":"required name=search_term_string"}],"inLanguage":"fr-FR"},{"@type":"Organization","@id":"https:\/\/www.botta.it\/#organization","name":"BOTTA EcoPackaging","url":"https:\/\/www.botta.it\/","logo":{"@type":"ImageObject","inLanguage":"fr-FR","@id":"https:\/\/www.botta.it\/#\/schema\/logo\/image\/","url":"https:\/\/www.botta.it\/wp-content\/uploads\/2021\/12\/Logo-RGB.png","contentUrl":"https:\/\/www.botta.it\/wp-content\/uploads\/2021\/12\/Logo-RGB.png","width":1600,"height":1043,"caption":"BOTTA EcoPackaging"},"image":{"@id":"https:\/\/www.botta.it\/#\/schema\/logo\/image\/"},"sameAs":["https:\/\/www.facebook.com\/bottapackaging\/","https:\/\/twitter.com\/botta_box","https:\/\/www.instagram.com\/botta_box\/","https:\/\/it.linkedin.com\/company\/botta-ecopackaging","https:\/\/www.youtube.com\/channel\/UCLhT-tw_FsukJfrKi73c48Q"]},{"@type":"Person","@id":"https:\/\/www.botta.it\/#\/schema\/person\/c69d9d6062157a7a80589770c061b789","name":"Clara Augustina","image":{"@type":"ImageObject","inLanguage":"fr-FR","@id":"https:\/\/www.botta.it\/#\/schema\/person\/image\/","url":"https:\/\/secure.gravatar.com\/avatar\/801c896cd3c0f60abcd175b4d08d0ae5?s=96&d=mm&r=g","contentUrl":"https:\/\/secure.gravatar.com\/avatar\/801c896cd3c0f60abcd175b4d08d0ae5?s=96&d=mm&r=g","caption":"Clara Augustina"}}]}},"_links":{"self":[{"href":"https:\/\/www.botta.it\/fr\/wp-json\/wp\/v2\/posts\/21621"}],"collection":[{"href":"https:\/\/www.botta.it\/fr\/wp-json\/wp\/v2\/posts"}],"about":[{"href":"https:\/\/www.botta.it\/fr\/wp-json\/wp\/v2\/types\/post"}],"author":[{"embeddable":true,"href":"https:\/\/www.botta.it\/fr\/wp-json\/wp\/v2\/users\/19"}],"replies":[{"embeddable":true,"href":"https:\/\/www.botta.it\/fr\/wp-json\/wp\/v2\/comments?post=21621"}],"version-history":[{"count":2,"href":"https:\/\/www.botta.it\/fr\/wp-json\/wp\/v2\/posts\/21621\/revisions"}],"predecessor-version":[{"id":21676,"href":"https:\/\/www.botta.it\/fr\/wp-json\/wp\/v2\/posts\/21621\/revisions\/21676"}],"wp:featuredmedia":[{"embeddable":true,"href":"https:\/\/www.botta.it\/fr\/wp-json\/wp\/v2\/media\/12090"}],"wp:attachment":[{"href":"https:\/\/www.botta.it\/fr\/wp-json\/wp\/v2\/media?parent=21621"}],"wp:term":[{"taxonomy":"category","embeddable":true,"href":"https:\/\/www.botta.it\/fr\/wp-json\/wp\/v2\/categories?post=21621"},{"taxonomy":"post_tag","embeddable":true,"href":"https:\/\/www.botta.it\/fr\/wp-json\/wp\/v2\/tags?post=21621"}],"curies":[{"name":"wp","href":"https:\/\/api.w.org\/{rel}","templated":true}]}}