{"id":15914,"date":"2022-06-08T14:49:48","date_gmt":"2022-06-08T12:49:48","guid":{"rendered":"https:\/\/www.botta.it\/intervista-a-lara-botta-fai-di-piu-con-meno-cosi-linnovazione-e-sostenibile\/"},"modified":"2023-11-29T10:11:03","modified_gmt":"2023-11-29T09:11:03","slug":"intervista-a-lara-botta-fai-di-piu-con-meno-cosi-linnovazione-e-sostenibile","status":"publish","type":"post","link":"https:\/\/www.botta.it\/fr\/intervista-a-lara-botta-fai-di-piu-con-meno-cosi-linnovazione-e-sostenibile\/","title":{"rendered":"INTERVIEW \u00c0 LARA BOTTA : \u00ab\u00a0FAITES PLUS AVEC MOINS, AINSI L\u2019INNOVATION EST DURABLE\u00a0\u00bb"},"content":{"rendered":"<p><a href=\"https:\/\/www.linkedin.com\/in\/bottalara\/\">Lara Botta<\/a>, notre directrice des innovations et directrice du d\u00e9veloppement commercial, a accord\u00e9 une interview \u00e0 \u00ab\u00a0<a href=\"https:\/\/lombardiaeconomy.it\/\">Lombardia Economy<\/a>\u00ab\u00a0, le p\u00e9riodique sur les tendances de l\u2019\u00e9conomie lombarde. Notre VP a parl\u00e9 de l\u2019importance de <strong>l\u2019innovation <\/strong>pour r\u00e9pondre aux besoins changeants du march\u00e9, de la mise en \u0153uvre du <strong>commerce \u00e9lectronique<\/strong> et surtout de l\u2019importance de concevoir des <a href=\"https:\/\/www.botta.it\/fr\/eco-emballage\/\"><strong>emballages durables<\/strong><\/a>.<\/p>\n<p>Gr\u00e2ce \u00e0 nos emballages durables en papier, <a href=\"https:\/\/www.comieco.org\/\">Comieco<\/a> (Consortium National de R\u00e9cup\u00e9ration et Recyclage des Emballages \u00e0 base cellulosique) nous a d\u00e9cern\u00e9 la reconnaissance de \u00ab\u00a0sp\u00e9cialistes de l\u2019emballage durable\u00a0\u00bb. En outre, en 2020, notre VP a re\u00e7u le prix \u00ab\u00a0<a href=\"https:\/\/www.botta.it\/fr\/press-and-releases\/prix-tecnovisionarie-et-%e2%80%8b%e2%80%8blhistoire-derriere-notre-innovation\/\">Technovisionnaire<\/a>\u00a0\u00bb pour avoir interpr\u00e9t\u00e9 l\u2019\u00e9conomie circulaire \u00e0 travers l\u2019innovation, en utilisant la philosophie de la \u00ab\u00a0<a href=\"https:\/\/www.botta.it\/fr\/frugal-innovation-applied-to-smes-italy\/\">Frugal Innovation<\/a>\u00ab\u00a0. Conform\u00e9ment \u00e0 cette id\u00e9e, on peut faire \u00ab\u00a0plus\u00a0\u00bb avec \u00ab\u00a0moins\u00a0\u00bb, il faut donc combiner et appliquer la frugalit\u00e9 \u00e0 l\u2019innovation.<\/p>\n<p>En outre, Lara Botta souligne le caract\u00e8re essentiel de la <strong>diversit\u00e9<\/strong> et de <strong>l&rsquo;\u00e9galit\u00e9 entre les sexes<\/strong>, condition pr\u00e9alable \u00e0 la r\u00e9duction de <strong>l&rsquo;\u00e9cart entre les sexes<\/strong> et \u00e0 la cr\u00e9ation de nouveaux emplois dans le domaine des <a href=\"https:\/\/www.botta.it\/fr\/skytg24-trasmissione-la-forza-di-essere-unica-il-tuo-talento-il-tuo-lavoro\/\"><strong>STIM<\/strong><\/a>.<\/p>\n<p>Ci-dessous, l\u2019interview de Lara Botta par Maria Salerno, publi\u00e9e dans \u201c<a href=\"https:\/\/lombardiaeconomy.it\/\">Lombardia Economy<\/a>\u201d.<\/p>\n<p><a href=\"https:\/\/www.botta.it\/wp-content\/uploads\/2022\/06\/Lara-Botta65.jpg\" data-elementor-open-lightbox=\"yes\" data-elementor-lightbox-slideshow=\"all-0e64e2f\" data-elementor-lightbox-title=\"Lara Botta[65]\"><br \/>\n<\/a><br \/>\n<a href=\"https:\/\/www.botta.it\/wp-content\/uploads\/2022\/06\/Lara-Botta652.jpg\" data-elementor-open-lightbox=\"yes\" data-elementor-lightbox-slideshow=\"all-0e64e2f\" data-elementor-lightbox-title=\"Lara Botta[65]2\"><br \/>\n<\/a><\/p>\n<p><strong>References<\/strong><\/p>\n<p>External links:<\/p>\n<ul>\n<li><a href=\"https:\/\/www.linkedin.com\/in\/bottalara\/\">https:\/\/www.linkedin.com\/in\/bottalara\/<\/a><\/li>\n<li><a href=\"https:\/\/lombardiaeconomy.it\">https:\/\/lombardiaeconomy.it<\/a><\/li>\n<li><a href=\"https:\/\/www.comieco.org\">https:\/\/www.comieco.org<\/a><\/li>\n<\/ul>\n<p>Internal links:<\/p>\n<ul>\n<li><a href=\"https:\/\/www.botta.it\/product-categories\/eco-packaging\/\">https:\/\/www.botta.it\/product-categories\/eco-packaging\/<\/a><\/li>\n<li><a href=\"https:\/\/www.botta.it\/fr\/press-and-releases\/prix-tecnovisionarie-et-%e2%80%8b%e2%80%8blhistoire-derriere-notre-innovation\/\">https:\/\/www.botta.it\/premio-tecnovisionarie-e-la-storia-dietro-la-nostra-innovazione\/<\/a><\/li>\n<li><a href=\"https:\/\/www.botta.it\/fr\/non-classifiee\/frugal-innovation-applied-to-smes-italy\/\">https:\/\/www.botta.it\/frugal-innovation-applied-to-smes-italy\/<\/a><\/li>\n<li><a href=\"https:\/\/www.botta.it\/fr\/press-and-releases\/skytg24-trasmissione-la-forza-di-essere-unica-il-tuo-talento-il-tuo-lavoro\/\">https:\/\/www.botta.it\/skytg24-trasmissione-la-forza-di-essere-unica-il-tuo-talento-il-tuo-lavoro\/<\/a><\/li>\n<\/ul>\n","protected":false},"excerpt":{"rendered":"<p>Lara Botta, notre directrice des innovations et directrice du d\u00e9veloppement commercial, a accord\u00e9 une interview \u00e0 \u00ab\u00a0Lombardia Economy\u00ab\u00a0, le p\u00e9riodique sur les tendances de l\u2019\u00e9conomie lombarde. Notre VP a parl\u00e9 de l\u2019importance de l\u2019innovation pour r\u00e9pondre aux besoins changeants du march\u00e9, de la mise en \u0153uvre du commerce \u00e9lectronique et surtout de l\u2019importance de concevoir &hellip;<\/p>\n<p class=\"read-more\"> <a class=\"\" href=\"https:\/\/www.botta.it\/fr\/intervista-a-lara-botta-fai-di-piu-con-meno-cosi-linnovazione-e-sostenibile\/\"> <span class=\"screen-reader-text\">INTERVIEW \u00c0 LARA BOTTA : \u00ab\u00a0FAITES PLUS AVEC MOINS, AINSI L\u2019INNOVATION EST DURABLE\u00a0\u00bb<\/span> Lire la Suite \u00bb<\/a><\/p>\n","protected":false},"author":1,"featured_media":15896,"comment_status":"closed","ping_status":"closed","sticky":false,"template":"","format":"standard","meta":{"om_disable_all_campaigns":false,"_monsterinsights_skip_tracking":false,"_monsterinsights_sitenote_active":false,"_monsterinsights_sitenote_note":"","_monsterinsights_sitenote_category":0,"site-sidebar-layout":"default","site-content-layout":"default","ast-global-header-display":"","ast-banner-title-visibility":"","ast-main-header-display":"","ast-hfb-above-header-display":"","ast-hfb-below-header-display":"","ast-hfb-mobile-header-display":"","site-post-title":"","ast-breadcrumbs-content":"","ast-featured-img":"","footer-sml-layout":"","theme-transparent-header-meta":"default","adv-header-id-meta":"","stick-header-meta":"","header-above-stick-meta":"","header-main-stick-meta":"","header-below-stick-meta":"","footnotes":""},"categories":[1333],"tags":[],"aioseo_notices":[],"yoast_head":"<!-- This site is optimized with the Yoast SEO Premium plugin v19.2.1 (Yoast SEO v21.9.1) - https:\/\/yoast.com\/wordpress\/plugins\/seo\/ -->\n<title>BOTTA PACKAGING \u00bb eco-packaging solutions - INTERVIEW \u00c0 LARA BOTTA : &quot;FAITES PLUS AVEC MOINS, AINSI L\u2019INNOVATION EST DURABLE&quot;<\/title>\n<meta name=\"description\" content=\"BOTTA ospite del People Of Packaging Podcast, per portare il proprio know-how e in tema di packaging e innovazione.\u00a0\" \/>\n<meta name=\"robots\" content=\"index, follow, max-snippet:-1, max-image-preview:large, max-video-preview:-1\" \/>\n<link rel=\"canonical\" href=\"https:\/\/www.botta.it\/fr\/intervista-a-lara-botta-fai-di-piu-con-meno-cosi-linnovazione-e-sostenibile\/\" \/>\n<meta property=\"og:locale\" content=\"fr_FR\" \/>\n<meta property=\"og:type\" content=\"article\" \/>\n<meta property=\"og:title\" content=\"INTERVIEW \u00c0 LARA BOTTA : &quot;FAITES PLUS AVEC MOINS, AINSI L\u2019INNOVATION EST DURABLE&quot;\" \/>\n<meta property=\"og:description\" content=\"BOTTA ospite del People Of Packaging Podcast, per portare il proprio know-how e in tema di packaging e innovazione.\u00a0\" \/>\n<meta property=\"og:url\" content=\"https:\/\/www.botta.it\/fr\/intervista-a-lara-botta-fai-di-piu-con-meno-cosi-linnovazione-e-sostenibile\/\" \/>\n<meta property=\"og:site_name\" content=\"BOTTA PACKAGING \u00bb eco-packaging solutions\" \/>\n<meta property=\"article:publisher\" content=\"https:\/\/www.facebook.com\/bottapackaging\/\" \/>\n<meta property=\"article:published_time\" content=\"2022-06-08T12:49:48+00:00\" \/>\n<meta property=\"article:modified_time\" content=\"2023-11-29T09:11:03+00:00\" \/>\n<meta property=\"og:image\" content=\"https:\/\/www.botta.it\/wp-content\/uploads\/2022\/06\/Lara-Botta65.jpg\" \/>\n\t<meta property=\"og:image:width\" content=\"595\" \/>\n\t<meta property=\"og:image:height\" content=\"841\" \/>\n\t<meta property=\"og:image:type\" content=\"image\/jpeg\" \/>\n<meta name=\"author\" content=\"adminbotta\" \/>\n<meta name=\"twitter:card\" content=\"summary_large_image\" \/>\n<meta name=\"twitter:creator\" content=\"@botta_box\" \/>\n<meta name=\"twitter:site\" content=\"@botta_box\" \/>\n<script type=\"application\/ld+json\" class=\"yoast-schema-graph\">{\"@context\":\"https:\/\/schema.org\",\"@graph\":[{\"@type\":\"Article\",\"@id\":\"https:\/\/www.botta.it\/fr\/intervista-a-lara-botta-fai-di-piu-con-meno-cosi-linnovazione-e-sostenibile\/#article\",\"isPartOf\":{\"@id\":\"https:\/\/www.botta.it\/fr\/intervista-a-lara-botta-fai-di-piu-con-meno-cosi-linnovazione-e-sostenibile\/\"},\"author\":{\"name\":\"adminbotta\",\"@id\":\"https:\/\/www.botta.it\/#\/schema\/person\/b0def12b22d9789aec6fc745348babec\"},\"headline\":\"INTERVIEW \u00c0 LARA BOTTA : \u00ab\u00a0FAITES PLUS AVEC MOINS, AINSI L\u2019INNOVATION EST DURABLE\u00a0\u00bb\",\"datePublished\":\"2022-06-08T12:49:48+00:00\",\"dateModified\":\"2023-11-29T09:11:03+00:00\",\"mainEntityOfPage\":{\"@id\":\"https:\/\/www.botta.it\/fr\/intervista-a-lara-botta-fai-di-piu-con-meno-cosi-linnovazione-e-sostenibile\/\"},\"wordCount\":256,\"publisher\":{\"@id\":\"https:\/\/www.botta.it\/#organization\"},\"articleSection\":[\"Press and releases\"],\"inLanguage\":\"fr-FR\"},{\"@type\":\"WebPage\",\"@id\":\"https:\/\/www.botta.it\/fr\/intervista-a-lara-botta-fai-di-piu-con-meno-cosi-linnovazione-e-sostenibile\/\",\"url\":\"https:\/\/www.botta.it\/fr\/intervista-a-lara-botta-fai-di-piu-con-meno-cosi-linnovazione-e-sostenibile\/\",\"name\":\"BOTTA PACKAGING \u00bb eco-packaging solutions - INTERVIEW \u00c0 LARA BOTTA : \\\"FAITES PLUS AVEC MOINS, AINSI L\u2019INNOVATION EST DURABLE\\\"\",\"isPartOf\":{\"@id\":\"https:\/\/www.botta.it\/#website\"},\"datePublished\":\"2022-06-08T12:49:48+00:00\",\"dateModified\":\"2023-11-29T09:11:03+00:00\",\"description\":\"BOTTA ospite del People Of Packaging Podcast, per portare il proprio know-how e in tema di packaging e innovazione.\u00a0\",\"breadcrumb\":{\"@id\":\"https:\/\/www.botta.it\/fr\/intervista-a-lara-botta-fai-di-piu-con-meno-cosi-linnovazione-e-sostenibile\/#breadcrumb\"},\"inLanguage\":\"fr-FR\",\"potentialAction\":[{\"@type\":\"ReadAction\",\"target\":[\"https:\/\/www.botta.it\/fr\/intervista-a-lara-botta-fai-di-piu-con-meno-cosi-linnovazione-e-sostenibile\/\"]}]},{\"@type\":\"BreadcrumbList\",\"@id\":\"https:\/\/www.botta.it\/fr\/intervista-a-lara-botta-fai-di-piu-con-meno-cosi-linnovazione-e-sostenibile\/#breadcrumb\",\"itemListElement\":[{\"@type\":\"ListItem\",\"position\":1,\"name\":\"Home\",\"item\":\"https:\/\/www.botta.it\/\"},{\"@type\":\"ListItem\",\"position\":2,\"name\":\"Rassegna stampa\",\"item\":\"https:\/\/www.botta.it\/categoria\/rassegna-stampa\/\"},{\"@type\":\"ListItem\",\"position\":3,\"name\":\"INTERVIEW \u00c0 LARA BOTTA : &#8220;FAITES PLUS AVEC MOINS, AINSI L\u2019INNOVATION EST DURABLE&#8221;\"}]},{\"@type\":\"WebSite\",\"@id\":\"https:\/\/www.botta.it\/#website\",\"url\":\"https:\/\/www.botta.it\/\",\"name\":\"BOTTA PACKAGING \u00bb eco-packaging solutions\",\"description\":\"Solutions d&#039;emballage \u00e9cologiques, fournitures carton ondul\u00e9, bo\u00eetes, enveloppes, airbags.\",\"publisher\":{\"@id\":\"https:\/\/www.botta.it\/#organization\"},\"potentialAction\":[{\"@type\":\"SearchAction\",\"target\":{\"@type\":\"EntryPoint\",\"urlTemplate\":\"https:\/\/www.botta.it\/?s={search_term_string}\"},\"query-input\":\"required name=search_term_string\"}],\"inLanguage\":\"fr-FR\"},{\"@type\":\"Organization\",\"@id\":\"https:\/\/www.botta.it\/#organization\",\"name\":\"BOTTA EcoPackaging\",\"url\":\"https:\/\/www.botta.it\/\",\"logo\":{\"@type\":\"ImageObject\",\"inLanguage\":\"fr-FR\",\"@id\":\"https:\/\/www.botta.it\/#\/schema\/logo\/image\/\",\"url\":\"https:\/\/www.botta.it\/wp-content\/uploads\/2021\/12\/Logo-RGB.png\",\"contentUrl\":\"https:\/\/www.botta.it\/wp-content\/uploads\/2021\/12\/Logo-RGB.png\",\"width\":1600,\"height\":1043,\"caption\":\"BOTTA EcoPackaging\"},\"image\":{\"@id\":\"https:\/\/www.botta.it\/#\/schema\/logo\/image\/\"},\"sameAs\":[\"https:\/\/www.facebook.com\/bottapackaging\/\",\"https:\/\/twitter.com\/botta_box\",\"https:\/\/www.instagram.com\/botta_box\/\",\"https:\/\/it.linkedin.com\/company\/botta-ecopackaging\",\"https:\/\/www.youtube.com\/channel\/UCLhT-tw_FsukJfrKi73c48Q\"]},{\"@type\":\"Person\",\"@id\":\"https:\/\/www.botta.it\/#\/schema\/person\/b0def12b22d9789aec6fc745348babec\",\"name\":\"adminbotta\",\"image\":{\"@type\":\"ImageObject\",\"inLanguage\":\"fr-FR\",\"@id\":\"https:\/\/www.botta.it\/#\/schema\/person\/image\/\",\"url\":\"https:\/\/secure.gravatar.com\/avatar\/c160f7949979b103f5a87a30c246a5f9?s=96&d=mm&r=g\",\"contentUrl\":\"https:\/\/secure.gravatar.com\/avatar\/c160f7949979b103f5a87a30c246a5f9?s=96&d=mm&r=g\",\"caption\":\"adminbotta\"}}]}<\/script>\n<!-- \/ Yoast SEO Premium plugin. -->","yoast_head_json":{"title":"BOTTA PACKAGING \u00bb eco-packaging solutions - INTERVIEW \u00c0 LARA BOTTA : \"FAITES PLUS AVEC MOINS, AINSI L\u2019INNOVATION EST DURABLE\"","description":"BOTTA ospite del People Of Packaging Podcast, per portare il proprio know-how e in tema di packaging e innovazione.\u00a0","robots":{"index":"index","follow":"follow","max-snippet":"max-snippet:-1","max-image-preview":"max-image-preview:large","max-video-preview":"max-video-preview:-1"},"canonical":"https:\/\/www.botta.it\/fr\/intervista-a-lara-botta-fai-di-piu-con-meno-cosi-linnovazione-e-sostenibile\/","og_locale":"fr_FR","og_type":"article","og_title":"INTERVIEW \u00c0 LARA BOTTA : \"FAITES PLUS AVEC MOINS, AINSI L\u2019INNOVATION EST DURABLE\"","og_description":"BOTTA ospite del People Of Packaging Podcast, per portare il proprio know-how e in tema di packaging e innovazione.\u00a0","og_url":"https:\/\/www.botta.it\/fr\/intervista-a-lara-botta-fai-di-piu-con-meno-cosi-linnovazione-e-sostenibile\/","og_site_name":"BOTTA PACKAGING \u00bb eco-packaging solutions","article_publisher":"https:\/\/www.facebook.com\/bottapackaging\/","article_published_time":"2022-06-08T12:49:48+00:00","article_modified_time":"2023-11-29T09:11:03+00:00","og_image":[{"width":595,"height":841,"url":"https:\/\/www.botta.it\/wp-content\/uploads\/2022\/06\/Lara-Botta65.jpg","type":"image\/jpeg"}],"author":"adminbotta","twitter_card":"summary_large_image","twitter_creator":"@botta_box","twitter_site":"@botta_box","schema":{"@context":"https:\/\/schema.org","@graph":[{"@type":"Article","@id":"https:\/\/www.botta.it\/fr\/intervista-a-lara-botta-fai-di-piu-con-meno-cosi-linnovazione-e-sostenibile\/#article","isPartOf":{"@id":"https:\/\/www.botta.it\/fr\/intervista-a-lara-botta-fai-di-piu-con-meno-cosi-linnovazione-e-sostenibile\/"},"author":{"name":"adminbotta","@id":"https:\/\/www.botta.it\/#\/schema\/person\/b0def12b22d9789aec6fc745348babec"},"headline":"INTERVIEW \u00c0 LARA BOTTA : \u00ab\u00a0FAITES PLUS AVEC MOINS, AINSI L\u2019INNOVATION EST DURABLE\u00a0\u00bb","datePublished":"2022-06-08T12:49:48+00:00","dateModified":"2023-11-29T09:11:03+00:00","mainEntityOfPage":{"@id":"https:\/\/www.botta.it\/fr\/intervista-a-lara-botta-fai-di-piu-con-meno-cosi-linnovazione-e-sostenibile\/"},"wordCount":256,"publisher":{"@id":"https:\/\/www.botta.it\/#organization"},"articleSection":["Press and releases"],"inLanguage":"fr-FR"},{"@type":"WebPage","@id":"https:\/\/www.botta.it\/fr\/intervista-a-lara-botta-fai-di-piu-con-meno-cosi-linnovazione-e-sostenibile\/","url":"https:\/\/www.botta.it\/fr\/intervista-a-lara-botta-fai-di-piu-con-meno-cosi-linnovazione-e-sostenibile\/","name":"BOTTA PACKAGING \u00bb eco-packaging solutions - INTERVIEW \u00c0 LARA BOTTA : \"FAITES PLUS AVEC MOINS, AINSI L\u2019INNOVATION EST DURABLE\"","isPartOf":{"@id":"https:\/\/www.botta.it\/#website"},"datePublished":"2022-06-08T12:49:48+00:00","dateModified":"2023-11-29T09:11:03+00:00","description":"BOTTA ospite del People Of Packaging Podcast, per portare il proprio know-how e in tema di packaging e innovazione.\u00a0","breadcrumb":{"@id":"https:\/\/www.botta.it\/fr\/intervista-a-lara-botta-fai-di-piu-con-meno-cosi-linnovazione-e-sostenibile\/#breadcrumb"},"inLanguage":"fr-FR","potentialAction":[{"@type":"ReadAction","target":["https:\/\/www.botta.it\/fr\/intervista-a-lara-botta-fai-di-piu-con-meno-cosi-linnovazione-e-sostenibile\/"]}]},{"@type":"BreadcrumbList","@id":"https:\/\/www.botta.it\/fr\/intervista-a-lara-botta-fai-di-piu-con-meno-cosi-linnovazione-e-sostenibile\/#breadcrumb","itemListElement":[{"@type":"ListItem","position":1,"name":"Home","item":"https:\/\/www.botta.it\/"},{"@type":"ListItem","position":2,"name":"Rassegna stampa","item":"https:\/\/www.botta.it\/categoria\/rassegna-stampa\/"},{"@type":"ListItem","position":3,"name":"INTERVIEW \u00c0 LARA BOTTA : &#8220;FAITES PLUS AVEC MOINS, AINSI L\u2019INNOVATION EST DURABLE&#8221;"}]},{"@type":"WebSite","@id":"https:\/\/www.botta.it\/#website","url":"https:\/\/www.botta.it\/","name":"BOTTA PACKAGING \u00bb eco-packaging solutions","description":"Solutions d&#039;emballage \u00e9cologiques, fournitures carton ondul\u00e9, bo\u00eetes, enveloppes, airbags.","publisher":{"@id":"https:\/\/www.botta.it\/#organization"},"potentialAction":[{"@type":"SearchAction","target":{"@type":"EntryPoint","urlTemplate":"https:\/\/www.botta.it\/?s={search_term_string}"},"query-input":"required name=search_term_string"}],"inLanguage":"fr-FR"},{"@type":"Organization","@id":"https:\/\/www.botta.it\/#organization","name":"BOTTA EcoPackaging","url":"https:\/\/www.botta.it\/","logo":{"@type":"ImageObject","inLanguage":"fr-FR","@id":"https:\/\/www.botta.it\/#\/schema\/logo\/image\/","url":"https:\/\/www.botta.it\/wp-content\/uploads\/2021\/12\/Logo-RGB.png","contentUrl":"https:\/\/www.botta.it\/wp-content\/uploads\/2021\/12\/Logo-RGB.png","width":1600,"height":1043,"caption":"BOTTA EcoPackaging"},"image":{"@id":"https:\/\/www.botta.it\/#\/schema\/logo\/image\/"},"sameAs":["https:\/\/www.facebook.com\/bottapackaging\/","https:\/\/twitter.com\/botta_box","https:\/\/www.instagram.com\/botta_box\/","https:\/\/it.linkedin.com\/company\/botta-ecopackaging","https:\/\/www.youtube.com\/channel\/UCLhT-tw_FsukJfrKi73c48Q"]},{"@type":"Person","@id":"https:\/\/www.botta.it\/#\/schema\/person\/b0def12b22d9789aec6fc745348babec","name":"adminbotta","image":{"@type":"ImageObject","inLanguage":"fr-FR","@id":"https:\/\/www.botta.it\/#\/schema\/person\/image\/","url":"https:\/\/secure.gravatar.com\/avatar\/c160f7949979b103f5a87a30c246a5f9?s=96&d=mm&r=g","contentUrl":"https:\/\/secure.gravatar.com\/avatar\/c160f7949979b103f5a87a30c246a5f9?s=96&d=mm&r=g","caption":"adminbotta"}}]}},"_links":{"self":[{"href":"https:\/\/www.botta.it\/fr\/wp-json\/wp\/v2\/posts\/15914"}],"collection":[{"href":"https:\/\/www.botta.it\/fr\/wp-json\/wp\/v2\/posts"}],"about":[{"href":"https:\/\/www.botta.it\/fr\/wp-json\/wp\/v2\/types\/post"}],"author":[{"embeddable":true,"href":"https:\/\/www.botta.it\/fr\/wp-json\/wp\/v2\/users\/1"}],"replies":[{"embeddable":true,"href":"https:\/\/www.botta.it\/fr\/wp-json\/wp\/v2\/comments?post=15914"}],"version-history":[{"count":6,"href":"https:\/\/www.botta.it\/fr\/wp-json\/wp\/v2\/posts\/15914\/revisions"}],"predecessor-version":[{"id":21547,"href":"https:\/\/www.botta.it\/fr\/wp-json\/wp\/v2\/posts\/15914\/revisions\/21547"}],"wp:featuredmedia":[{"embeddable":true,"href":"https:\/\/www.botta.it\/fr\/wp-json\/wp\/v2\/media\/15896"}],"wp:attachment":[{"href":"https:\/\/www.botta.it\/fr\/wp-json\/wp\/v2\/media?parent=15914"}],"wp:term":[{"taxonomy":"category","embeddable":true,"href":"https:\/\/www.botta.it\/fr\/wp-json\/wp\/v2\/categories?post=15914"},{"taxonomy":"post_tag","embeddable":true,"href":"https:\/\/www.botta.it\/fr\/wp-json\/wp\/v2\/tags?post=15914"}],"curies":[{"name":"wp","href":"https:\/\/api.w.org\/{rel}","templated":true}]}}