{"id":7789,"date":"2019-10-15T12:03:12","date_gmt":"2019-10-15T10:03:12","guid":{"rendered":"https:\/\/www.botta.it\/nachhaltige-verpackungsexperten-unser-video-fur-comieco\/"},"modified":"2019-10-15T17:57:21","modified_gmt":"2019-10-15T15:57:21","slug":"nachhaltige-verpackungsexperten-unser-video-fur-comieco","status":"publish","type":"post","link":"https:\/\/www.botta.it\/de\/nachhaltige-verpackungsexperten-unser-video-fur-comieco\/","title":{"rendered":"Nachhaltige Verpackungsexperten: Unser Video f\u00fcr Comieco"},"content":{"rendered":"<p>Das von COMIECO als &#8222;Experte f\u00fcr nachhaltige Verpackungen&#8220; bezeichnete italienische Konsortium f\u00fcr die R\u00fcckgewinnung und das Recycling von Celluloseverpackungen ist eine gro\u00dfe Anerkennung f\u00fcr die in den letzten Jahren geleistete Forschungsarbeit im Hinblick auf eine Welt der immer umweltfreundlicheren Verpackungen! #EcoPackaging<\/p>\n<p>Im Folgenden sehen Sie das Videointerview unserer Vizepr\u00e4sidentin Dr. Lara Botta, die als Managerin Zeugnis \u00fcber den Beitrag des Unternehmens zur Welt der nachhaltigen Verpackung in Bezug auf Forschung, Design und Produktion ablegt.<\/p>\n<div class=\"ast-oembed-container\" style=\"height: 100%;\"><iframe loading=\"lazy\" title=\"Sustainable Packaging Experts: Comieco Interview | Lara Botta - BOTTA Packaging\" width=\"500\" height=\"281\" src=\"https:\/\/www.youtube.com\/embed\/3ZmPqj7_hKM?feature=oembed\" frameborder=\"0\" allow=\"accelerometer; autoplay; clipboard-write; encrypted-media; gyroscope; picture-in-picture\" allowfullscreen><\/iframe><\/div>\n<h3><\/h3>\n<p>&nbsp;<\/p>\n<p>&nbsp;<\/p>\n<p>&nbsp;<\/p>\n<p>&nbsp;<\/p>\n","protected":false},"excerpt":{"rendered":"<p>Das von COMIECO als &#8222;Experte f\u00fcr nachhaltige Verpackungen&#8220; bezeichnete italienische Konsortium f\u00fcr die R\u00fcckgewinnung und das Recycling von Celluloseverpackungen ist eine gro\u00dfe Anerkennung f\u00fcr die in den letzten Jahren geleistete Forschungsarbeit im Hinblick auf eine Welt der immer umweltfreundlicheren Verpackungen! #EcoPackaging Im Folgenden sehen Sie das Videointerview unserer Vizepr\u00e4sidentin Dr. Lara Botta, die als Managerin &hellip;<\/p>\n<p class=\"read-more\"> <a class=\"\" href=\"https:\/\/www.botta.it\/de\/nachhaltige-verpackungsexperten-unser-video-fur-comieco\/\"> <span class=\"screen-reader-text\">Nachhaltige Verpackungsexperten: Unser Video f\u00fcr Comieco<\/span> Mehr lesen \u00bb<\/a><\/p>\n","protected":false},"author":5,"featured_media":7806,"comment_status":"open","ping_status":"closed","sticky":false,"template":"","format":"standard","meta":{"om_disable_all_campaigns":false,"_monsterinsights_skip_tracking":false,"_monsterinsights_sitenote_active":false,"_monsterinsights_sitenote_note":"","_monsterinsights_sitenote_category":0,"site-sidebar-layout":"default","site-content-layout":"default","ast-global-header-display":"","ast-banner-title-visibility":"","ast-main-header-display":"","ast-hfb-above-header-display":"","ast-hfb-below-header-display":"","ast-hfb-mobile-header-display":"","site-post-title":"","ast-breadcrumbs-content":"","ast-featured-img":"","footer-sml-layout":"","theme-transparent-header-meta":"","adv-header-id-meta":"","stick-header-meta":"","header-above-stick-meta":"","header-main-stick-meta":"","header-below-stick-meta":"","footnotes":""},"categories":[1337,1335,1336],"tags":[],"aioseo_notices":[],"yoast_head":"<!-- This site is optimized with the Yoast SEO Premium plugin v19.2.1 (Yoast SEO v21.9.1) - https:\/\/yoast.com\/wordpress\/plugins\/seo\/ -->\n<title>Nachhaltige Verpackungsexperten: Unser Video f\u00fcr Comieco -<\/title>\n<meta name=\"description\" content=\"Das Videointerview unserer Vizepr\u00e4sidentin Lara Botta zum Projekt &quot;Nachhaltiges Verpacken das Wort an die Experten&quot; von Comieco zu den UN-SDGs.\" \/>\n<meta name=\"robots\" content=\"index, follow, max-snippet:-1, max-image-preview:large, max-video-preview:-1\" \/>\n<link rel=\"canonical\" href=\"https:\/\/www.botta.it\/de\/nachhaltige-verpackungsexperten-unser-video-fur-comieco\/\" \/>\n<meta property=\"og:locale\" content=\"de_DE\" \/>\n<meta property=\"og:type\" content=\"article\" \/>\n<meta property=\"og:title\" content=\"Nachhaltige Verpackungsexperten: Unser Video f\u00fcr Comieco\" \/>\n<meta property=\"og:description\" content=\"Das Videointerview unserer Vizepr\u00e4sidentin Lara Botta zum Projekt &quot;Nachhaltiges Verpacken das Wort an die Experten&quot; von Comieco zu den UN-SDGs.\" \/>\n<meta property=\"og:url\" content=\"https:\/\/www.botta.it\/de\/nachhaltige-verpackungsexperten-unser-video-fur-comieco\/\" \/>\n<meta property=\"og:site_name\" content=\"BOTTA PACKAGING \u00bb eco-packaging solutions\" \/>\n<meta property=\"article:publisher\" content=\"https:\/\/www.facebook.com\/bottapackaging\/\" \/>\n<meta property=\"article:published_time\" content=\"2019-10-15T10:03:12+00:00\" \/>\n<meta property=\"article:modified_time\" content=\"2019-10-15T15:57:21+00:00\" \/>\n<meta property=\"og:image\" content=\"https:\/\/www.botta.it\/wp-content\/uploads\/2019\/10\/lara-expert-2.png\" \/>\n\t<meta property=\"og:image:width\" content=\"1600\" \/>\n\t<meta property=\"og:image:height\" content=\"900\" \/>\n\t<meta property=\"og:image:type\" content=\"image\/png\" \/>\n<meta name=\"author\" content=\"Editor\" \/>\n<meta name=\"twitter:card\" content=\"summary_large_image\" \/>\n<meta name=\"twitter:creator\" content=\"@botta_box\" \/>\n<meta name=\"twitter:site\" content=\"@botta_box\" \/>\n<script type=\"application\/ld+json\" class=\"yoast-schema-graph\">{\"@context\":\"https:\/\/schema.org\",\"@graph\":[{\"@type\":\"Article\",\"@id\":\"https:\/\/www.botta.it\/de\/nachhaltige-verpackungsexperten-unser-video-fur-comieco\/#article\",\"isPartOf\":{\"@id\":\"https:\/\/www.botta.it\/de\/nachhaltige-verpackungsexperten-unser-video-fur-comieco\/\"},\"author\":{\"name\":\"Editor\",\"@id\":\"https:\/\/www.botta.it\/#\/schema\/person\/1f790f73b5ac5e621a58934a99715977\"},\"headline\":\"Nachhaltige Verpackungsexperten: Unser Video f\u00fcr Comieco\",\"datePublished\":\"2019-10-15T10:03:12+00:00\",\"dateModified\":\"2019-10-15T15:57:21+00:00\",\"mainEntityOfPage\":{\"@id\":\"https:\/\/www.botta.it\/de\/nachhaltige-verpackungsexperten-unser-video-fur-comieco\/\"},\"wordCount\":101,\"commentCount\":0,\"publisher\":{\"@id\":\"https:\/\/www.botta.it\/#organization\"},\"articleSection\":[\"Nachrichten\",\"\u00d6ko-Verpackung\",\"Presseschau\"],\"inLanguage\":\"de\"},{\"@type\":\"WebPage\",\"@id\":\"https:\/\/www.botta.it\/de\/nachhaltige-verpackungsexperten-unser-video-fur-comieco\/\",\"url\":\"https:\/\/www.botta.it\/de\/nachhaltige-verpackungsexperten-unser-video-fur-comieco\/\",\"name\":\"Nachhaltige Verpackungsexperten: Unser Video f\u00fcr Comieco -\",\"isPartOf\":{\"@id\":\"https:\/\/www.botta.it\/#website\"},\"datePublished\":\"2019-10-15T10:03:12+00:00\",\"dateModified\":\"2019-10-15T15:57:21+00:00\",\"description\":\"Das Videointerview unserer Vizepr\u00e4sidentin Lara Botta zum Projekt \\\"Nachhaltiges Verpacken das Wort an die Experten\\\" von Comieco zu den UN-SDGs.\",\"breadcrumb\":{\"@id\":\"https:\/\/www.botta.it\/de\/nachhaltige-verpackungsexperten-unser-video-fur-comieco\/#breadcrumb\"},\"inLanguage\":\"de\",\"potentialAction\":[{\"@type\":\"ReadAction\",\"target\":[\"https:\/\/www.botta.it\/de\/nachhaltige-verpackungsexperten-unser-video-fur-comieco\/\"]}]},{\"@type\":\"BreadcrumbList\",\"@id\":\"https:\/\/www.botta.it\/de\/nachhaltige-verpackungsexperten-unser-video-fur-comieco\/#breadcrumb\",\"itemListElement\":[{\"@type\":\"ListItem\",\"position\":1,\"name\":\"Home\",\"item\":\"https:\/\/www.botta.it\/\"},{\"@type\":\"ListItem\",\"position\":2,\"name\":\"Nachrichten\",\"item\":\"https:\/\/www.botta.it\/de\/kategorie\/nachrichten\/\"},{\"@type\":\"ListItem\",\"position\":3,\"name\":\"Nachhaltige Verpackungsexperten: Unser Video f\u00fcr Comieco\"}]},{\"@type\":\"WebSite\",\"@id\":\"https:\/\/www.botta.it\/#website\",\"url\":\"https:\/\/www.botta.it\/\",\"name\":\"BOTTA PACKAGING \u00bb eco-packaging solutions\",\"description\":\"\u00d6kologische verpackungsl\u00f6sungen, wellpappe liefert, kartons, umschl\u00e4ge, airbags.\",\"publisher\":{\"@id\":\"https:\/\/www.botta.it\/#organization\"},\"potentialAction\":[{\"@type\":\"SearchAction\",\"target\":{\"@type\":\"EntryPoint\",\"urlTemplate\":\"https:\/\/www.botta.it\/?s={search_term_string}\"},\"query-input\":\"required name=search_term_string\"}],\"inLanguage\":\"de\"},{\"@type\":\"Organization\",\"@id\":\"https:\/\/www.botta.it\/#organization\",\"name\":\"BOTTA EcoPackaging\",\"url\":\"https:\/\/www.botta.it\/\",\"logo\":{\"@type\":\"ImageObject\",\"inLanguage\":\"de\",\"@id\":\"https:\/\/www.botta.it\/#\/schema\/logo\/image\/\",\"url\":\"https:\/\/www.botta.it\/wp-content\/uploads\/2021\/12\/Logo-RGB.png\",\"contentUrl\":\"https:\/\/www.botta.it\/wp-content\/uploads\/2021\/12\/Logo-RGB.png\",\"width\":1600,\"height\":1043,\"caption\":\"BOTTA EcoPackaging\"},\"image\":{\"@id\":\"https:\/\/www.botta.it\/#\/schema\/logo\/image\/\"},\"sameAs\":[\"https:\/\/www.facebook.com\/bottapackaging\/\",\"https:\/\/twitter.com\/botta_box\",\"https:\/\/www.instagram.com\/botta_box\/\",\"https:\/\/it.linkedin.com\/company\/botta-ecopackaging\",\"https:\/\/www.youtube.com\/channel\/UCLhT-tw_FsukJfrKi73c48Q\"]},{\"@type\":\"Person\",\"@id\":\"https:\/\/www.botta.it\/#\/schema\/person\/1f790f73b5ac5e621a58934a99715977\",\"name\":\"Editor\",\"image\":{\"@type\":\"ImageObject\",\"inLanguage\":\"de\",\"@id\":\"https:\/\/www.botta.it\/#\/schema\/person\/image\/\",\"url\":\"https:\/\/secure.gravatar.com\/avatar\/1c8edd82c82d37d4826fc93cd0a8e4aa?s=96&d=mm&r=g\",\"contentUrl\":\"https:\/\/secure.gravatar.com\/avatar\/1c8edd82c82d37d4826fc93cd0a8e4aa?s=96&d=mm&r=g\",\"caption\":\"Editor\"}}]}<\/script>\n<!-- \/ Yoast SEO Premium plugin. -->","yoast_head_json":{"title":"Nachhaltige Verpackungsexperten: Unser Video f\u00fcr Comieco -","description":"Das Videointerview unserer Vizepr\u00e4sidentin Lara Botta zum Projekt \"Nachhaltiges Verpacken das Wort an die Experten\" von Comieco zu den UN-SDGs.","robots":{"index":"index","follow":"follow","max-snippet":"max-snippet:-1","max-image-preview":"max-image-preview:large","max-video-preview":"max-video-preview:-1"},"canonical":"https:\/\/www.botta.it\/de\/nachhaltige-verpackungsexperten-unser-video-fur-comieco\/","og_locale":"de_DE","og_type":"article","og_title":"Nachhaltige Verpackungsexperten: Unser Video f\u00fcr Comieco","og_description":"Das Videointerview unserer Vizepr\u00e4sidentin Lara Botta zum Projekt \"Nachhaltiges Verpacken das Wort an die Experten\" von Comieco zu den UN-SDGs.","og_url":"https:\/\/www.botta.it\/de\/nachhaltige-verpackungsexperten-unser-video-fur-comieco\/","og_site_name":"BOTTA PACKAGING \u00bb eco-packaging solutions","article_publisher":"https:\/\/www.facebook.com\/bottapackaging\/","article_published_time":"2019-10-15T10:03:12+00:00","article_modified_time":"2019-10-15T15:57:21+00:00","og_image":[{"width":1600,"height":900,"url":"https:\/\/www.botta.it\/wp-content\/uploads\/2019\/10\/lara-expert-2.png","type":"image\/png"}],"author":"Editor","twitter_card":"summary_large_image","twitter_creator":"@botta_box","twitter_site":"@botta_box","schema":{"@context":"https:\/\/schema.org","@graph":[{"@type":"Article","@id":"https:\/\/www.botta.it\/de\/nachhaltige-verpackungsexperten-unser-video-fur-comieco\/#article","isPartOf":{"@id":"https:\/\/www.botta.it\/de\/nachhaltige-verpackungsexperten-unser-video-fur-comieco\/"},"author":{"name":"Editor","@id":"https:\/\/www.botta.it\/#\/schema\/person\/1f790f73b5ac5e621a58934a99715977"},"headline":"Nachhaltige Verpackungsexperten: Unser Video f\u00fcr Comieco","datePublished":"2019-10-15T10:03:12+00:00","dateModified":"2019-10-15T15:57:21+00:00","mainEntityOfPage":{"@id":"https:\/\/www.botta.it\/de\/nachhaltige-verpackungsexperten-unser-video-fur-comieco\/"},"wordCount":101,"commentCount":0,"publisher":{"@id":"https:\/\/www.botta.it\/#organization"},"articleSection":["Nachrichten","\u00d6ko-Verpackung","Presseschau"],"inLanguage":"de"},{"@type":"WebPage","@id":"https:\/\/www.botta.it\/de\/nachhaltige-verpackungsexperten-unser-video-fur-comieco\/","url":"https:\/\/www.botta.it\/de\/nachhaltige-verpackungsexperten-unser-video-fur-comieco\/","name":"Nachhaltige Verpackungsexperten: Unser Video f\u00fcr Comieco -","isPartOf":{"@id":"https:\/\/www.botta.it\/#website"},"datePublished":"2019-10-15T10:03:12+00:00","dateModified":"2019-10-15T15:57:21+00:00","description":"Das Videointerview unserer Vizepr\u00e4sidentin Lara Botta zum Projekt \"Nachhaltiges Verpacken das Wort an die Experten\" von Comieco zu den UN-SDGs.","breadcrumb":{"@id":"https:\/\/www.botta.it\/de\/nachhaltige-verpackungsexperten-unser-video-fur-comieco\/#breadcrumb"},"inLanguage":"de","potentialAction":[{"@type":"ReadAction","target":["https:\/\/www.botta.it\/de\/nachhaltige-verpackungsexperten-unser-video-fur-comieco\/"]}]},{"@type":"BreadcrumbList","@id":"https:\/\/www.botta.it\/de\/nachhaltige-verpackungsexperten-unser-video-fur-comieco\/#breadcrumb","itemListElement":[{"@type":"ListItem","position":1,"name":"Home","item":"https:\/\/www.botta.it\/"},{"@type":"ListItem","position":2,"name":"Nachrichten","item":"https:\/\/www.botta.it\/de\/kategorie\/nachrichten\/"},{"@type":"ListItem","position":3,"name":"Nachhaltige Verpackungsexperten: Unser Video f\u00fcr Comieco"}]},{"@type":"WebSite","@id":"https:\/\/www.botta.it\/#website","url":"https:\/\/www.botta.it\/","name":"BOTTA PACKAGING \u00bb eco-packaging solutions","description":"\u00d6kologische verpackungsl\u00f6sungen, wellpappe liefert, kartons, umschl\u00e4ge, airbags.","publisher":{"@id":"https:\/\/www.botta.it\/#organization"},"potentialAction":[{"@type":"SearchAction","target":{"@type":"EntryPoint","urlTemplate":"https:\/\/www.botta.it\/?s={search_term_string}"},"query-input":"required name=search_term_string"}],"inLanguage":"de"},{"@type":"Organization","@id":"https:\/\/www.botta.it\/#organization","name":"BOTTA EcoPackaging","url":"https:\/\/www.botta.it\/","logo":{"@type":"ImageObject","inLanguage":"de","@id":"https:\/\/www.botta.it\/#\/schema\/logo\/image\/","url":"https:\/\/www.botta.it\/wp-content\/uploads\/2021\/12\/Logo-RGB.png","contentUrl":"https:\/\/www.botta.it\/wp-content\/uploads\/2021\/12\/Logo-RGB.png","width":1600,"height":1043,"caption":"BOTTA EcoPackaging"},"image":{"@id":"https:\/\/www.botta.it\/#\/schema\/logo\/image\/"},"sameAs":["https:\/\/www.facebook.com\/bottapackaging\/","https:\/\/twitter.com\/botta_box","https:\/\/www.instagram.com\/botta_box\/","https:\/\/it.linkedin.com\/company\/botta-ecopackaging","https:\/\/www.youtube.com\/channel\/UCLhT-tw_FsukJfrKi73c48Q"]},{"@type":"Person","@id":"https:\/\/www.botta.it\/#\/schema\/person\/1f790f73b5ac5e621a58934a99715977","name":"Editor","image":{"@type":"ImageObject","inLanguage":"de","@id":"https:\/\/www.botta.it\/#\/schema\/person\/image\/","url":"https:\/\/secure.gravatar.com\/avatar\/1c8edd82c82d37d4826fc93cd0a8e4aa?s=96&d=mm&r=g","contentUrl":"https:\/\/secure.gravatar.com\/avatar\/1c8edd82c82d37d4826fc93cd0a8e4aa?s=96&d=mm&r=g","caption":"Editor"}}]}},"_links":{"self":[{"href":"https:\/\/www.botta.it\/de\/wp-json\/wp\/v2\/posts\/7789"}],"collection":[{"href":"https:\/\/www.botta.it\/de\/wp-json\/wp\/v2\/posts"}],"about":[{"href":"https:\/\/www.botta.it\/de\/wp-json\/wp\/v2\/types\/post"}],"author":[{"embeddable":true,"href":"https:\/\/www.botta.it\/de\/wp-json\/wp\/v2\/users\/5"}],"replies":[{"embeddable":true,"href":"https:\/\/www.botta.it\/de\/wp-json\/wp\/v2\/comments?post=7789"}],"version-history":[{"count":0,"href":"https:\/\/www.botta.it\/de\/wp-json\/wp\/v2\/posts\/7789\/revisions"}],"wp:featuredmedia":[{"embeddable":true,"href":"https:\/\/www.botta.it\/de\/wp-json\/wp\/v2\/media\/7806"}],"wp:attachment":[{"href":"https:\/\/www.botta.it\/de\/wp-json\/wp\/v2\/media?parent=7789"}],"wp:term":[{"taxonomy":"category","embeddable":true,"href":"https:\/\/www.botta.it\/de\/wp-json\/wp\/v2\/categories?post=7789"},{"taxonomy":"post_tag","embeddable":true,"href":"https:\/\/www.botta.it\/de\/wp-json\/wp\/v2\/tags?post=7789"}],"curies":[{"name":"wp","href":"https:\/\/api.w.org\/{rel}","templated":true}]}}