{"id":26524,"date":"2025-03-10T10:30:36","date_gmt":"2025-03-10T09:30:36","guid":{"rendered":"https:\/\/www.botta.it\/?p=26524"},"modified":"2025-03-10T10:30:36","modified_gmt":"2025-03-10T09:30:36","slug":"lara-botta-appointed-president-of-unione-gct-milano","status":"publish","type":"post","link":"https:\/\/www.botta.it\/de\/presseschau\/lara-botta-appointed-president-of-unione-gct-milano\/","title":{"rendered":"LARA BOTTA ZUR PR\u00c4SIDENTIN DER UNIONE GCT MILANO ERNANNT \u2013 IMPULSE F\u00dcR NACHHALTIGE VERPACKUNGSL\u00d6SUNGEN"},"content":{"rendered":"<p>Die VP von <a href=\"https:\/\/www.botta.it\/de\/\">BOTTA EcoPackaging<\/a>, <a href=\"https:\/\/www.linkedin.com\/in\/bottalara\/\">Lara Botta<\/a>, wird die <a href=\"https:\/\/unione.gct.mi.it\/chi-siamo\/\">Unione GCT Milano<\/a> mit einem Fokus auf umweltfreundliche Verpackungen in der grafischen Industrie leiten.<\/p>\n<p>Die Ernennung von Lara Botta zur Pr\u00e4sidentin markiert einen wichtigen Meilenstein in der Verpackungsbranche. Unter ihrer F\u00fchrung wird die Unione GCT Milano die besten Alternativen zu Einwegplastikverpackungen erforschen und sich auf recycelbare, biologisch abbaubare und FSC-zertifizierte Papierl\u00f6sungen konzentrieren.<\/p>\n<p>Lara ist bereits eine Schl\u00fcsselfigur in der nachhaltigen Verpackungsindustrie, da ihr Unternehmen, BOTTA EcoPackaging, Unternehmen dabei unterst\u00fctzt, auf nachhaltige Verpackungsinnovationen umzusteigen und ma\u00dfgeschneiderte L\u00f6sungen f\u00fcr verschiedene Branchen anzubieten (siehe die j\u00fcngste <a href=\"https:\/\/www.botta.it\/en\/casestudies\/the-gin-way-botta-ecopackaging\/\">Partnerschaft<\/a> mit <a href=\"https:\/\/theginway.com\/\">The Gin Way<\/a>).<\/p>\n<p>Botta ist die ideale Wahl f\u00fcr die Unione GCT Milano, eine f\u00fchrende Institution in der grafischen Industrie seit ihrer Gr\u00fcndung im Jahr 1946. Als bedeutendes Mitglied von <a href=\"https:\/\/www.botta.it\/en\/news-en-2\/lara-botta-vp-assolombarda\/\">Assolombarda<\/a> und <a href=\"https:\/\/assografici.it\/chi-siamo\/\">Assografici<\/a> bietet die Vereinigung spezialisierte Arbeitsbeziehungen, Schulungen, Branchenanalysen und exklusiven Zugang zum <a href=\"https:\/\/www.confindustria.it\/home\/chi-siamo\/sistema-confindustria\">Confindustria<\/a>-Netzwerk.<\/p>\n<p><img decoding=\"async\" class=\"alignnone size-full wp-image-26506\" src=\"https:\/\/www.botta.it\/wp-content\/uploads\/2025\/03\/Lara-Botta-President-Unione-GCT-1.jpg\" alt=\"Lara Botta, VP von BOTTA EcoPackaging, ist die neue Pr\u00e4sidentin der Unione GCT Milano\" width=\"1024\" height=\"576\" srcset=\"https:\/\/www.botta.it\/wp-content\/uploads\/2025\/03\/Lara-Botta-President-Unione-GCT-1.jpg 1024w, https:\/\/www.botta.it\/wp-content\/uploads\/2025\/03\/Lara-Botta-President-Unione-GCT-1-150x84.jpg 150w, https:\/\/www.botta.it\/wp-content\/uploads\/2025\/03\/Lara-Botta-President-Unione-GCT-1-768x432.jpg 768w, https:\/\/www.botta.it\/wp-content\/uploads\/2025\/03\/Lara-Botta-President-Unione-GCT-1-240x135.jpg 240w\" sizes=\"(max-width: 1024px) 100vw, 1024px\" \/><\/p>\n<p>Laras Ernennung signalisiert eine neue \u00c4ra f\u00fcr die Unione GCT Milano. \u201eIch f\u00fchle mich geehrt durch das Vertrauen, das in mich gesetzt wurde\u201c, sagte Lara. \u201eMein Ziel ist es, die Union der Grafiker und Kartonhersteller noch zentraler f\u00fcr unsere Branche zu machen.\u201c<\/p>\n<p>Branchenexperten haben Laras Vision f\u00fcr Nachhaltigkeit anerkannt. Die Nachricht \u00fcber ihre Ernennung zur Pr\u00e4sidentin der Unione GCT Milano wurde von vielen f\u00fchrenden Medien ver\u00f6ffentlicht. Lesen Sie die Artikel hier: <a href=\"https:\/\/unione.gct.mi.it\/lara-botta-designata-per-la-presidenza-di-unione-gct-milano-per-il-quadriennio-2025-2029\/\">Unione GCT<\/a>, <a href=\"https:\/\/www.imille.com\/2025\/02\/27\/unione-gct-milano-lara-botta-eletta-presidente-per-il-prossimo-mandato\/\">I Mille<\/a>, <a href=\"https:\/\/www.converter.it\/lara-botta-per-unione-gct-milano-e-carlo-montedoro-per-assografici-designati-per-la-presidenza-2025-2029\/\">Converter<\/a>, <a href=\"https:\/\/printpub.net\/it\/posts\/cambio-alla-presidenza-di-assografici-e-unione-gct-milano\">PrintPub<\/a>, <a href=\"https:\/\/www.stampamedia.net\/unione-gct-milano-lara-botta-e-la-nuova-presidente\/\">Stampa Media<\/a>, <a href=\"https:\/\/mediakey.it\/news\/unione-gct-milano-lara-botta-designata-per-la-presidenza-per-il-quadriennio-2025-2029\/\">MediaKey<\/a>, <a href=\"https:\/\/www.metaprintart.info\/notizie-in-breve\/57925-lara-botta-presidente-unione-gct-milano\/\">Meta Print Art<\/a>, <a href=\"https:\/\/assografici.it\/unione-gct-milano-lara-botta-designata-per-la-presidenza-per-il-quadriennio-2025-2029\/\">Assografici<\/a>.<\/p>\n<p>Suchen Sie <a href=\"https:\/\/www.botta.it\/de\/products\/\">umweltfreundliche Versandl\u00f6sungen<\/a>? Besuchen Sie unsere <a href=\"https:\/\/www.botta.it\/de\/\">Website<\/a> oder kontaktieren Sie uns unter <a href=\"mailto:ecopack@botta.it\">ecopack@botta.it<\/a>, um die neuesten Innovationen im nachhaltigen Verpackungsbereich zu entdecken.<\/p>\n","protected":false},"excerpt":{"rendered":"<p>Die VP von BOTTA EcoPackaging, Lara Botta, wird die Unione GCT Milano mit einem Fokus auf umweltfreundliche Verpackungen in der grafischen Industrie leiten. Die Ernennung von Lara Botta zur Pr\u00e4sidentin markiert einen wichtigen Meilenstein in der Verpackungsbranche. Unter ihrer F\u00fchrung wird die Unione GCT Milano die besten Alternativen zu Einwegplastikverpackungen erforschen und sich auf recycelbare, &hellip;<\/p>\n<p class=\"read-more\"> <a class=\"\" href=\"https:\/\/www.botta.it\/de\/presseschau\/lara-botta-appointed-president-of-unione-gct-milano\/\"> <span class=\"screen-reader-text\">LARA BOTTA ZUR PR\u00c4SIDENTIN DER UNIONE GCT MILANO ERNANNT \u2013 IMPULSE F\u00dcR NACHHALTIGE VERPACKUNGSL\u00d6SUNGEN<\/span> Mehr lesen \u00bb<\/a><\/p>\n","protected":false},"author":17,"featured_media":26510,"comment_status":"closed","ping_status":"closed","sticky":false,"template":"","format":"standard","meta":{"om_disable_all_campaigns":false,"_monsterinsights_skip_tracking":false,"_monsterinsights_sitenote_active":false,"_monsterinsights_sitenote_note":"","_monsterinsights_sitenote_category":0,"site-sidebar-layout":"default","site-content-layout":"default","ast-global-header-display":"","ast-banner-title-visibility":"","ast-main-header-display":"","ast-hfb-above-header-display":"","ast-hfb-below-header-display":"","ast-hfb-mobile-header-display":"","site-post-title":"","ast-breadcrumbs-content":"","ast-featured-img":"","footer-sml-layout":"","theme-transparent-header-meta":"default","adv-header-id-meta":"","stick-header-meta":"","header-above-stick-meta":"","header-main-stick-meta":"","header-below-stick-meta":"","footnotes":""},"categories":[1336],"tags":[],"aioseo_notices":[],"yoast_head":"<!-- This site is optimized with the Yoast SEO Premium plugin v19.2.1 (Yoast SEO v21.9.1) - https:\/\/yoast.com\/wordpress\/plugins\/seo\/ -->\n<title>BOTTA PACKAGING \u00bb eco-packaging solutions - LARA BOTTA ZUR PR\u00c4SIDENTIN DER UNIONE GCT MILANO ERNANNT \u2013 IMPULSE F\u00dcR NACHHALTIGE VERPACKUNGSL\u00d6SUNGEN<\/title>\n<meta name=\"description\" content=\"Lara Botta, VP von BOTTA EcoPackaging, wurde zur Pr\u00e4sidentin der Unione GCT Milano ernannt. Erfahren Sie, wie ihre F\u00fchrung die Zukunft der Verpackungsbranche gestalten wird.\" \/>\n<meta name=\"robots\" content=\"index, follow, max-snippet:-1, max-image-preview:large, max-video-preview:-1\" \/>\n<link rel=\"canonical\" href=\"https:\/\/www.botta.it\/de\/presseschau\/lara-botta-appointed-president-of-unione-gct-milano\/\" \/>\n<meta property=\"og:locale\" content=\"de_DE\" \/>\n<meta property=\"og:type\" content=\"article\" \/>\n<meta property=\"og:title\" content=\"LARA BOTTA ZUR PR\u00c4SIDENTIN DER UNIONE GCT MILANO ERNANNT \u2013 IMPULSE F\u00dcR NACHHALTIGE VERPACKUNGSL\u00d6SUNGEN\" \/>\n<meta property=\"og:description\" content=\"Lara Botta, VP von BOTTA EcoPackaging, wurde zur Pr\u00e4sidentin der Unione GCT Milano ernannt. Erfahren Sie, wie ihre F\u00fchrung die Zukunft der Verpackungsbranche gestalten wird.\" \/>\n<meta property=\"og:url\" content=\"https:\/\/www.botta.it\/de\/presseschau\/lara-botta-appointed-president-of-unione-gct-milano\/\" \/>\n<meta property=\"og:site_name\" content=\"BOTTA PACKAGING \u00bb eco-packaging solutions\" \/>\n<meta property=\"article:publisher\" content=\"https:\/\/www.facebook.com\/bottapackaging\/\" \/>\n<meta property=\"article:published_time\" content=\"2025-03-10T09:30:36+00:00\" \/>\n<meta property=\"og:image\" content=\"https:\/\/www.botta.it\/wp-content\/uploads\/2025\/03\/Lara-Botta-President-Unione-GCT-Milano1.png\" \/>\n\t<meta property=\"og:image:width\" content=\"1080\" \/>\n\t<meta property=\"og:image:height\" content=\"1080\" \/>\n\t<meta property=\"og:image:type\" content=\"image\/png\" \/>\n<meta name=\"author\" content=\"Yassine Ayadi\" \/>\n<meta name=\"twitter:card\" content=\"summary_large_image\" \/>\n<meta name=\"twitter:creator\" content=\"@botta_box\" \/>\n<meta name=\"twitter:site\" content=\"@botta_box\" \/>\n<script type=\"application\/ld+json\" class=\"yoast-schema-graph\">{\"@context\":\"https:\/\/schema.org\",\"@graph\":[{\"@type\":\"Article\",\"@id\":\"https:\/\/www.botta.it\/de\/presseschau\/lara-botta-appointed-president-of-unione-gct-milano\/#article\",\"isPartOf\":{\"@id\":\"https:\/\/www.botta.it\/de\/presseschau\/lara-botta-appointed-president-of-unione-gct-milano\/\"},\"author\":{\"name\":\"Yassine Ayadi\",\"@id\":\"https:\/\/www.botta.it\/#\/schema\/person\/451ed9daa74f0f8e4ee56b1e6e63ca12\"},\"headline\":\"LARA BOTTA ZUR PR\u00c4SIDENTIN DER UNIONE GCT MILANO ERNANNT \u2013 IMPULSE F\u00dcR NACHHALTIGE VERPACKUNGSL\u00d6SUNGEN\",\"datePublished\":\"2025-03-10T09:30:36+00:00\",\"dateModified\":\"2025-03-10T09:30:36+00:00\",\"mainEntityOfPage\":{\"@id\":\"https:\/\/www.botta.it\/de\/presseschau\/lara-botta-appointed-president-of-unione-gct-milano\/\"},\"wordCount\":283,\"publisher\":{\"@id\":\"https:\/\/www.botta.it\/#organization\"},\"articleSection\":[\"Presseschau\"],\"inLanguage\":\"de\"},{\"@type\":\"WebPage\",\"@id\":\"https:\/\/www.botta.it\/de\/presseschau\/lara-botta-appointed-president-of-unione-gct-milano\/\",\"url\":\"https:\/\/www.botta.it\/de\/presseschau\/lara-botta-appointed-president-of-unione-gct-milano\/\",\"name\":\"BOTTA PACKAGING \u00bb eco-packaging solutions - LARA BOTTA ZUR PR\u00c4SIDENTIN DER UNIONE GCT MILANO ERNANNT \u2013 IMPULSE F\u00dcR NACHHALTIGE VERPACKUNGSL\u00d6SUNGEN\",\"isPartOf\":{\"@id\":\"https:\/\/www.botta.it\/#website\"},\"datePublished\":\"2025-03-10T09:30:36+00:00\",\"dateModified\":\"2025-03-10T09:30:36+00:00\",\"description\":\"Lara Botta, VP von BOTTA EcoPackaging, wurde zur Pr\u00e4sidentin der Unione GCT Milano ernannt. Erfahren Sie, wie ihre F\u00fchrung die Zukunft der Verpackungsbranche gestalten wird.\",\"breadcrumb\":{\"@id\":\"https:\/\/www.botta.it\/de\/presseschau\/lara-botta-appointed-president-of-unione-gct-milano\/#breadcrumb\"},\"inLanguage\":\"de\",\"potentialAction\":[{\"@type\":\"ReadAction\",\"target\":[\"https:\/\/www.botta.it\/de\/presseschau\/lara-botta-appointed-president-of-unione-gct-milano\/\"]}]},{\"@type\":\"BreadcrumbList\",\"@id\":\"https:\/\/www.botta.it\/de\/presseschau\/lara-botta-appointed-president-of-unione-gct-milano\/#breadcrumb\",\"itemListElement\":[{\"@type\":\"ListItem\",\"position\":1,\"name\":\"Home\",\"item\":\"https:\/\/www.botta.it\/\"},{\"@type\":\"ListItem\",\"position\":2,\"name\":\"Presseschau\",\"item\":\"https:\/\/www.botta.it\/de\/kategorie\/presseschau\/\"},{\"@type\":\"ListItem\",\"position\":3,\"name\":\"LARA BOTTA ZUR PR\u00c4SIDENTIN DER UNIONE GCT MILANO ERNANNT \u2013 IMPULSE F\u00dcR NACHHALTIGE VERPACKUNGSL\u00d6SUNGEN\"}]},{\"@type\":\"WebSite\",\"@id\":\"https:\/\/www.botta.it\/#website\",\"url\":\"https:\/\/www.botta.it\/\",\"name\":\"BOTTA PACKAGING \u00bb eco-packaging solutions\",\"description\":\"\u00d6kologische verpackungsl\u00f6sungen, wellpappe liefert, kartons, umschl\u00e4ge, airbags.\",\"publisher\":{\"@id\":\"https:\/\/www.botta.it\/#organization\"},\"potentialAction\":[{\"@type\":\"SearchAction\",\"target\":{\"@type\":\"EntryPoint\",\"urlTemplate\":\"https:\/\/www.botta.it\/?s={search_term_string}\"},\"query-input\":\"required name=search_term_string\"}],\"inLanguage\":\"de\"},{\"@type\":\"Organization\",\"@id\":\"https:\/\/www.botta.it\/#organization\",\"name\":\"BOTTA EcoPackaging\",\"url\":\"https:\/\/www.botta.it\/\",\"logo\":{\"@type\":\"ImageObject\",\"inLanguage\":\"de\",\"@id\":\"https:\/\/www.botta.it\/#\/schema\/logo\/image\/\",\"url\":\"https:\/\/www.botta.it\/wp-content\/uploads\/2021\/12\/Logo-RGB.png\",\"contentUrl\":\"https:\/\/www.botta.it\/wp-content\/uploads\/2021\/12\/Logo-RGB.png\",\"width\":1600,\"height\":1043,\"caption\":\"BOTTA EcoPackaging\"},\"image\":{\"@id\":\"https:\/\/www.botta.it\/#\/schema\/logo\/image\/\"},\"sameAs\":[\"https:\/\/www.facebook.com\/bottapackaging\/\",\"https:\/\/twitter.com\/botta_box\",\"https:\/\/www.instagram.com\/botta_box\/\",\"https:\/\/it.linkedin.com\/company\/botta-ecopackaging\",\"https:\/\/www.youtube.com\/channel\/UCLhT-tw_FsukJfrKi73c48Q\"]},{\"@type\":\"Person\",\"@id\":\"https:\/\/www.botta.it\/#\/schema\/person\/451ed9daa74f0f8e4ee56b1e6e63ca12\",\"name\":\"Yassine Ayadi\",\"image\":{\"@type\":\"ImageObject\",\"inLanguage\":\"de\",\"@id\":\"https:\/\/www.botta.it\/#\/schema\/person\/image\/\",\"url\":\"https:\/\/secure.gravatar.com\/avatar\/9bb7c9c0f38814839563213f80165e91?s=96&d=mm&r=g\",\"contentUrl\":\"https:\/\/secure.gravatar.com\/avatar\/9bb7c9c0f38814839563213f80165e91?s=96&d=mm&r=g\",\"caption\":\"Yassine Ayadi\"}}]}<\/script>\n<!-- \/ Yoast SEO Premium plugin. -->","yoast_head_json":{"title":"BOTTA PACKAGING \u00bb eco-packaging solutions - LARA BOTTA ZUR PR\u00c4SIDENTIN DER UNIONE GCT MILANO ERNANNT \u2013 IMPULSE F\u00dcR NACHHALTIGE VERPACKUNGSL\u00d6SUNGEN","description":"Lara Botta, VP von BOTTA EcoPackaging, wurde zur Pr\u00e4sidentin der Unione GCT Milano ernannt. Erfahren Sie, wie ihre F\u00fchrung die Zukunft der Verpackungsbranche gestalten wird.","robots":{"index":"index","follow":"follow","max-snippet":"max-snippet:-1","max-image-preview":"max-image-preview:large","max-video-preview":"max-video-preview:-1"},"canonical":"https:\/\/www.botta.it\/de\/presseschau\/lara-botta-appointed-president-of-unione-gct-milano\/","og_locale":"de_DE","og_type":"article","og_title":"LARA BOTTA ZUR PR\u00c4SIDENTIN DER UNIONE GCT MILANO ERNANNT \u2013 IMPULSE F\u00dcR NACHHALTIGE VERPACKUNGSL\u00d6SUNGEN","og_description":"Lara Botta, VP von BOTTA EcoPackaging, wurde zur Pr\u00e4sidentin der Unione GCT Milano ernannt. Erfahren Sie, wie ihre F\u00fchrung die Zukunft der Verpackungsbranche gestalten wird.","og_url":"https:\/\/www.botta.it\/de\/presseschau\/lara-botta-appointed-president-of-unione-gct-milano\/","og_site_name":"BOTTA PACKAGING \u00bb eco-packaging solutions","article_publisher":"https:\/\/www.facebook.com\/bottapackaging\/","article_published_time":"2025-03-10T09:30:36+00:00","og_image":[{"width":1080,"height":1080,"url":"https:\/\/www.botta.it\/wp-content\/uploads\/2025\/03\/Lara-Botta-President-Unione-GCT-Milano1.png","type":"image\/png"}],"author":"Yassine Ayadi","twitter_card":"summary_large_image","twitter_creator":"@botta_box","twitter_site":"@botta_box","schema":{"@context":"https:\/\/schema.org","@graph":[{"@type":"Article","@id":"https:\/\/www.botta.it\/de\/presseschau\/lara-botta-appointed-president-of-unione-gct-milano\/#article","isPartOf":{"@id":"https:\/\/www.botta.it\/de\/presseschau\/lara-botta-appointed-president-of-unione-gct-milano\/"},"author":{"name":"Yassine Ayadi","@id":"https:\/\/www.botta.it\/#\/schema\/person\/451ed9daa74f0f8e4ee56b1e6e63ca12"},"headline":"LARA BOTTA ZUR PR\u00c4SIDENTIN DER UNIONE GCT MILANO ERNANNT \u2013 IMPULSE F\u00dcR NACHHALTIGE VERPACKUNGSL\u00d6SUNGEN","datePublished":"2025-03-10T09:30:36+00:00","dateModified":"2025-03-10T09:30:36+00:00","mainEntityOfPage":{"@id":"https:\/\/www.botta.it\/de\/presseschau\/lara-botta-appointed-president-of-unione-gct-milano\/"},"wordCount":283,"publisher":{"@id":"https:\/\/www.botta.it\/#organization"},"articleSection":["Presseschau"],"inLanguage":"de"},{"@type":"WebPage","@id":"https:\/\/www.botta.it\/de\/presseschau\/lara-botta-appointed-president-of-unione-gct-milano\/","url":"https:\/\/www.botta.it\/de\/presseschau\/lara-botta-appointed-president-of-unione-gct-milano\/","name":"BOTTA PACKAGING \u00bb eco-packaging solutions - LARA BOTTA ZUR PR\u00c4SIDENTIN DER UNIONE GCT MILANO ERNANNT \u2013 IMPULSE F\u00dcR NACHHALTIGE VERPACKUNGSL\u00d6SUNGEN","isPartOf":{"@id":"https:\/\/www.botta.it\/#website"},"datePublished":"2025-03-10T09:30:36+00:00","dateModified":"2025-03-10T09:30:36+00:00","description":"Lara Botta, VP von BOTTA EcoPackaging, wurde zur Pr\u00e4sidentin der Unione GCT Milano ernannt. Erfahren Sie, wie ihre F\u00fchrung die Zukunft der Verpackungsbranche gestalten wird.","breadcrumb":{"@id":"https:\/\/www.botta.it\/de\/presseschau\/lara-botta-appointed-president-of-unione-gct-milano\/#breadcrumb"},"inLanguage":"de","potentialAction":[{"@type":"ReadAction","target":["https:\/\/www.botta.it\/de\/presseschau\/lara-botta-appointed-president-of-unione-gct-milano\/"]}]},{"@type":"BreadcrumbList","@id":"https:\/\/www.botta.it\/de\/presseschau\/lara-botta-appointed-president-of-unione-gct-milano\/#breadcrumb","itemListElement":[{"@type":"ListItem","position":1,"name":"Home","item":"https:\/\/www.botta.it\/"},{"@type":"ListItem","position":2,"name":"Presseschau","item":"https:\/\/www.botta.it\/de\/kategorie\/presseschau\/"},{"@type":"ListItem","position":3,"name":"LARA BOTTA ZUR PR\u00c4SIDENTIN DER UNIONE GCT MILANO ERNANNT \u2013 IMPULSE F\u00dcR NACHHALTIGE VERPACKUNGSL\u00d6SUNGEN"}]},{"@type":"WebSite","@id":"https:\/\/www.botta.it\/#website","url":"https:\/\/www.botta.it\/","name":"BOTTA PACKAGING \u00bb eco-packaging solutions","description":"\u00d6kologische verpackungsl\u00f6sungen, wellpappe liefert, kartons, umschl\u00e4ge, airbags.","publisher":{"@id":"https:\/\/www.botta.it\/#organization"},"potentialAction":[{"@type":"SearchAction","target":{"@type":"EntryPoint","urlTemplate":"https:\/\/www.botta.it\/?s={search_term_string}"},"query-input":"required name=search_term_string"}],"inLanguage":"de"},{"@type":"Organization","@id":"https:\/\/www.botta.it\/#organization","name":"BOTTA EcoPackaging","url":"https:\/\/www.botta.it\/","logo":{"@type":"ImageObject","inLanguage":"de","@id":"https:\/\/www.botta.it\/#\/schema\/logo\/image\/","url":"https:\/\/www.botta.it\/wp-content\/uploads\/2021\/12\/Logo-RGB.png","contentUrl":"https:\/\/www.botta.it\/wp-content\/uploads\/2021\/12\/Logo-RGB.png","width":1600,"height":1043,"caption":"BOTTA EcoPackaging"},"image":{"@id":"https:\/\/www.botta.it\/#\/schema\/logo\/image\/"},"sameAs":["https:\/\/www.facebook.com\/bottapackaging\/","https:\/\/twitter.com\/botta_box","https:\/\/www.instagram.com\/botta_box\/","https:\/\/it.linkedin.com\/company\/botta-ecopackaging","https:\/\/www.youtube.com\/channel\/UCLhT-tw_FsukJfrKi73c48Q"]},{"@type":"Person","@id":"https:\/\/www.botta.it\/#\/schema\/person\/451ed9daa74f0f8e4ee56b1e6e63ca12","name":"Yassine Ayadi","image":{"@type":"ImageObject","inLanguage":"de","@id":"https:\/\/www.botta.it\/#\/schema\/person\/image\/","url":"https:\/\/secure.gravatar.com\/avatar\/9bb7c9c0f38814839563213f80165e91?s=96&d=mm&r=g","contentUrl":"https:\/\/secure.gravatar.com\/avatar\/9bb7c9c0f38814839563213f80165e91?s=96&d=mm&r=g","caption":"Yassine Ayadi"}}]}},"_links":{"self":[{"href":"https:\/\/www.botta.it\/de\/wp-json\/wp\/v2\/posts\/26524"}],"collection":[{"href":"https:\/\/www.botta.it\/de\/wp-json\/wp\/v2\/posts"}],"about":[{"href":"https:\/\/www.botta.it\/de\/wp-json\/wp\/v2\/types\/post"}],"author":[{"embeddable":true,"href":"https:\/\/www.botta.it\/de\/wp-json\/wp\/v2\/users\/17"}],"replies":[{"embeddable":true,"href":"https:\/\/www.botta.it\/de\/wp-json\/wp\/v2\/comments?post=26524"}],"version-history":[{"count":1,"href":"https:\/\/www.botta.it\/de\/wp-json\/wp\/v2\/posts\/26524\/revisions"}],"predecessor-version":[{"id":26526,"href":"https:\/\/www.botta.it\/de\/wp-json\/wp\/v2\/posts\/26524\/revisions\/26526"}],"wp:featuredmedia":[{"embeddable":true,"href":"https:\/\/www.botta.it\/de\/wp-json\/wp\/v2\/media\/26510"}],"wp:attachment":[{"href":"https:\/\/www.botta.it\/de\/wp-json\/wp\/v2\/media?parent=26524"}],"wp:term":[{"taxonomy":"category","embeddable":true,"href":"https:\/\/www.botta.it\/de\/wp-json\/wp\/v2\/categories?post=26524"},{"taxonomy":"post_tag","embeddable":true,"href":"https:\/\/www.botta.it\/de\/wp-json\/wp\/v2\/tags?post=26524"}],"curies":[{"name":"wp","href":"https:\/\/api.w.org\/{rel}","templated":true}]}}