{"id":21755,"date":"2023-06-07T12:35:13","date_gmt":"2023-06-07T10:35:13","guid":{"rendered":"https:\/\/www.botta.it\/?p=21755"},"modified":"2023-11-30T12:39:46","modified_gmt":"2023-11-30T11:39:46","slug":"lara-botta-stellvertretende-praesidentin-von-botta-ecopackaging-nimmt-an-einer-podiumsdiskussion-zum-thema-eingliederungspolitik-auf-der-erfolgreichen-veranstaltung-des-forum-lavoro-impresa-teil","status":"publish","type":"post","link":"https:\/\/www.botta.it\/de\/nachrichten\/lara-botta-stellvertretende-praesidentin-von-botta-ecopackaging-nimmt-an-einer-podiumsdiskussion-zum-thema-eingliederungspolitik-auf-der-erfolgreichen-veranstaltung-des-forum-lavoro-impresa-teil\/","title":{"rendered":"LARA BOTTA, STELLVERTRETENDE PR\u00c4SIDENTIN VON BOTTA ECOPACKAGING, NIMMT AN EINER PODIUMSDISKUSSION ZUM THEMA EINGLIEDERUNGSPOLITIK AUF DER ERFOLGREICHEN VERANSTALTUNG DES FORUM LAVORO &#038; IMPRESA TEIL"},"content":{"rendered":"<p>BOTTA EcoPackaging freut sich, die erfolgreiche Teilnahme von Lara BOTTA, VP Business Development &amp; Innovation des Unternehmens, als hochkar\u00e4tige Rednerin an der mit Spannung erwarteten Veranstaltung FORUM LAVORO &amp; IMPRESA bekannt zu geben, die von Class Editori organisiert und live auf Clas CBNC (Sky 507), Milano Finanza und Italia Oggi \u00fcbertragen wurde. Die Veranstaltung fand am 6. Juni 2023 statt und war ein gro\u00dfer Erfolg.<\/p>\n<p><img decoding=\"async\" class=\"alignundefined wp-image-19321 size-full\" src=\"https:\/\/www.botta.it\/wp-content\/uploads\/2023\/06\/Lara-Botta-Lavoro-e-Impresa-Forum.png\" alt=\"Lara Botta was talking at a panel discussion broadcasted on Class CBNC and Milano Finanza\" width=\"1920\" height=\"1080\" srcset=\"https:\/\/www.botta.it\/wp-content\/uploads\/2023\/06\/Lara-Botta-Lavoro-e-Impresa-Forum.png 1920w, https:\/\/www.botta.it\/wp-content\/uploads\/2023\/06\/Lara-Botta-Lavoro-e-Impresa-Forum-1024x576.png 1024w, https:\/\/www.botta.it\/wp-content\/uploads\/2023\/06\/Lara-Botta-Lavoro-e-Impresa-Forum-150x84.png 150w, https:\/\/www.botta.it\/wp-content\/uploads\/2023\/06\/Lara-Botta-Lavoro-e-Impresa-Forum-768x432.png 768w, https:\/\/www.botta.it\/wp-content\/uploads\/2023\/06\/Lara-Botta-Lavoro-e-Impresa-Forum-1536x864.png 1536w, https:\/\/www.botta.it\/wp-content\/uploads\/2023\/06\/Lara-Botta-Lavoro-e-Impresa-Forum-240x135.png 240w\" sizes=\"(max-width: 1920px) 100vw, 1920px\" \/><\/p>\n<p>Lara BOTTA trug ihre umfassenden Erfahrungen und Erkenntnisse zu einer anregenden Podiumsdiskussion bei, die sich auf Eingliederungsma\u00dfnahmen konzentrierte, die darauf abzielen, die Kluft zwischen den Geschlechtern zu verringern und neue Formen der Wertsch\u00f6pfung in Unternehmen zu f\u00f6rdern. Lara betonte: &#8222;Der Markt besteht aus M\u00e4nnern und Frauen. In die Gleichstellung der Geschlechter zu investieren, ist nicht nur ethisch richtig, sondern auch wirtschaftlich sinnvoll. Um den Bed\u00fcrfnissen des Marktes gerecht zu werden und wettbewerbsf\u00e4hig zu bleiben, m\u00fcssen wir uns auf vielf\u00e4ltige und heterogene Teams konzentrieren, um sicherzustellen, dass die geschaffenen Produkte und Dienstleistungen die gesamte Bev\u00f6lkerung ansprechen, sowohl M\u00e4nner als auch Frauen.&#8220;<\/p>\n<p>FORUM LABOUR &amp; BUSINESS erwies sich als eine multimediale Veranstaltung, die angesehene F\u00fchrungskr\u00e4fte aus der Wirtschaft, Personalmanager und Branchenexperten zusammenbrachte, um die Herausforderungen und Chancen zu erkunden, denen sich Unternehmen in der Zeit nach der Pandemie gegen\u00fcbersehen. Die Veranstaltung befasste sich mit wichtigen Themen wie dem neuen Arbeitsmarkt, der digitalen Transformation, der Entwicklung des Humankapitals und der Mitarbeiterbindung.<\/p>\n<p>Haben Sie die Veranstaltung verpasst? Keine Sorge, Sie k\u00f6nnen die unten stehenden Links besuchen:<\/p>\n<p>F\u00fcr die gesamte Veranstaltung: <a href=\"https:\/\/video.milanofinanza.it\/video\/inclusione-per-ridurre-il-gender-gap-e-accrescere-valore-in-azienda-WFTWD3nGBlij\">hier<\/a><br \/>\n<span style=\"font-size: 16px;\">Nur f\u00fcr Laras Vortrag: <\/span><a style=\"font-size: 16px; background-color: #ffffff;\" href=\"https:\/\/www.youtube.com\/watch?v=KuLsfXz3dgE\">hier<\/a><\/p>\n<p>Wenn Sie mehr \u00fcber die innovativen nachhaltigen Verpackungsl\u00f6sungen von BOTTA EcoPackaging erfahren m\u00f6chten, besuchen Sie unsere Website <a href=\"https:\/\/www.botta.it\/de\/eco-produkte\/eco-inner-packaging\/eco-net-stretching-inner-part\/\">hier<\/a> oder kontaktieren Sie uns unter <a href=\"mailto:info@BOTTA.it\">info@BOTTA.it<\/a>.<\/p>\n","protected":false},"excerpt":{"rendered":"<p>BOTTA EcoPackaging freut sich, die erfolgreiche Teilnahme von Lara BOTTA, VP Business Development &amp; Innovation des Unternehmens, als hochkar\u00e4tige Rednerin an der mit Spannung erwarteten Veranstaltung FORUM LAVORO &amp; IMPRESA bekannt zu geben, die von Class Editori organisiert und live auf Clas CBNC (Sky 507), Milano Finanza und Italia Oggi \u00fcbertragen wurde. Die Veranstaltung fand &hellip;<\/p>\n<p class=\"read-more\"> <a class=\"\" href=\"https:\/\/www.botta.it\/de\/nachrichten\/lara-botta-stellvertretende-praesidentin-von-botta-ecopackaging-nimmt-an-einer-podiumsdiskussion-zum-thema-eingliederungspolitik-auf-der-erfolgreichen-veranstaltung-des-forum-lavoro-impresa-teil\/\"> <span class=\"screen-reader-text\">LARA BOTTA, STELLVERTRETENDE PR\u00c4SIDENTIN VON BOTTA ECOPACKAGING, NIMMT AN EINER PODIUMSDISKUSSION ZUM THEMA EINGLIEDERUNGSPOLITIK AUF DER ERFOLGREICHEN VERANSTALTUNG DES FORUM LAVORO &#038; IMPRESA TEIL<\/span> Mehr lesen \u00bb<\/a><\/p>\n","protected":false},"author":19,"featured_media":19324,"comment_status":"closed","ping_status":"closed","sticky":false,"template":"","format":"standard","meta":{"om_disable_all_campaigns":false,"_monsterinsights_skip_tracking":false,"_monsterinsights_sitenote_active":false,"_monsterinsights_sitenote_note":"","_monsterinsights_sitenote_category":0,"site-sidebar-layout":"default","site-content-layout":"default","ast-global-header-display":"","ast-banner-title-visibility":"","ast-main-header-display":"","ast-hfb-above-header-display":"","ast-hfb-below-header-display":"","ast-hfb-mobile-header-display":"","site-post-title":"","ast-breadcrumbs-content":"","ast-featured-img":"","footer-sml-layout":"","theme-transparent-header-meta":"default","adv-header-id-meta":"","stick-header-meta":"","header-above-stick-meta":"","header-main-stick-meta":"","header-below-stick-meta":"","footnotes":""},"categories":[1337],"tags":[],"aioseo_notices":[],"yoast_head":"<!-- This site is optimized with the Yoast SEO Premium plugin v19.2.1 (Yoast SEO v21.9.1) - https:\/\/yoast.com\/wordpress\/plugins\/seo\/ -->\n<title>BOTTA PACKAGING \u00bb eco-packaging solutions - LARA BOTTA, STELLVERTRETENDE PR\u00c4SIDENTIN VON BOTTA ECOPACKAGING, NIMMT AN EINER PODIUMSDISKUSSION ZUM THEMA EINGLIEDERUNGSPOLITIK AUF DER ERFOLGREICHEN VERANSTALTUNG DES FORUM LAVORO &amp; IMPRESA TEIL<\/title>\n<meta name=\"robots\" content=\"index, follow, max-snippet:-1, max-image-preview:large, max-video-preview:-1\" \/>\n<link rel=\"canonical\" href=\"https:\/\/www.botta.it\/fr\/?p=21762\" \/>\n<meta property=\"og:locale\" content=\"de_DE\" \/>\n<meta property=\"og:type\" content=\"article\" \/>\n<meta property=\"og:title\" content=\"LARA BOTTA, STELLVERTRETENDE PR\u00c4SIDENTIN VON BOTTA ECOPACKAGING, NIMMT AN EINER PODIUMSDISKUSSION ZUM THEMA EINGLIEDERUNGSPOLITIK AUF DER ERFOLGREICHEN VERANSTALTUNG DES FORUM LAVORO &amp; IMPRESA TEIL\" \/>\n<meta property=\"og:description\" content=\"BOTTA EcoPackaging freut sich, die erfolgreiche Teilnahme von Lara BOTTA, VP Business Development &amp; Innovation des Unternehmens, als hochkar\u00e4tige Rednerin an der mit Spannung erwarteten Veranstaltung FORUM LAVORO &amp; IMPRESA bekannt zu geben, die von Class Editori organisiert und live auf Clas CBNC (Sky 507), Milano Finanza und Italia Oggi \u00fcbertragen wurde. Die Veranstaltung fand &hellip; LARA BOTTA, STELLVERTRETENDE PR\u00c4SIDENTIN VON BOTTA ECOPACKAGING, NIMMT AN EINER PODIUMSDISKUSSION ZUM THEMA EINGLIEDERUNGSPOLITIK AUF DER ERFOLGREICHEN VERANSTALTUNG DES FORUM LAVORO &#038; IMPRESA TEIL Mehr lesen \u00bb\" \/>\n<meta property=\"og:url\" content=\"https:\/\/www.botta.it\/fr\/?p=21762\" \/>\n<meta property=\"og:site_name\" content=\"BOTTA PACKAGING \u00bb eco-packaging solutions\" \/>\n<meta property=\"article:publisher\" content=\"https:\/\/www.facebook.com\/bottapackaging\/\" \/>\n<meta property=\"article:published_time\" content=\"2023-06-07T10:35:13+00:00\" \/>\n<meta property=\"article:modified_time\" content=\"2023-11-30T11:39:46+00:00\" \/>\n<meta property=\"og:image\" content=\"https:\/\/www.botta.it\/wp-content\/uploads\/2023\/06\/Lara-Botta-Lavoro-e-Impresa-Forum.png\" \/>\n\t<meta property=\"og:image:width\" content=\"1920\" \/>\n\t<meta property=\"og:image:height\" content=\"1080\" \/>\n\t<meta property=\"og:image:type\" content=\"image\/png\" \/>\n<meta name=\"author\" content=\"Clara Augustina\" \/>\n<meta name=\"twitter:card\" content=\"summary_large_image\" \/>\n<meta name=\"twitter:creator\" content=\"@botta_box\" \/>\n<meta name=\"twitter:site\" content=\"@botta_box\" \/>\n<script type=\"application\/ld+json\" class=\"yoast-schema-graph\">{\"@context\":\"https:\/\/schema.org\",\"@graph\":[{\"@type\":\"Article\",\"@id\":\"https:\/\/www.botta.it\/fr\/?p=21762#article\",\"isPartOf\":{\"@id\":\"https:\/\/www.botta.it\/fr\/?p=21762\"},\"author\":{\"name\":\"Clara Augustina\",\"@id\":\"https:\/\/www.botta.it\/#\/schema\/person\/c69d9d6062157a7a80589770c061b789\"},\"headline\":\"LARA BOTTA, STELLVERTRETENDE PR\u00c4SIDENTIN VON BOTTA ECOPACKAGING, NIMMT AN EINER PODIUMSDISKUSSION ZUM THEMA EINGLIEDERUNGSPOLITIK AUF DER ERFOLGREICHEN VERANSTALTUNG DES FORUM LAVORO &#038; IMPRESA TEIL\",\"datePublished\":\"2023-06-07T10:35:13+00:00\",\"dateModified\":\"2023-11-30T11:39:46+00:00\",\"mainEntityOfPage\":{\"@id\":\"https:\/\/www.botta.it\/fr\/?p=21762\"},\"wordCount\":314,\"publisher\":{\"@id\":\"https:\/\/www.botta.it\/#organization\"},\"articleSection\":[\"Nachrichten\"],\"inLanguage\":\"de\"},{\"@type\":\"WebPage\",\"@id\":\"https:\/\/www.botta.it\/fr\/?p=21762\",\"url\":\"https:\/\/www.botta.it\/fr\/?p=21762\",\"name\":\"BOTTA PACKAGING \u00bb eco-packaging solutions - LARA BOTTA, STELLVERTRETENDE PR\u00c4SIDENTIN VON BOTTA ECOPACKAGING, NIMMT AN EINER PODIUMSDISKUSSION ZUM THEMA EINGLIEDERUNGSPOLITIK AUF DER ERFOLGREICHEN VERANSTALTUNG DES FORUM LAVORO & IMPRESA TEIL\",\"isPartOf\":{\"@id\":\"https:\/\/www.botta.it\/#website\"},\"datePublished\":\"2023-06-07T10:35:13+00:00\",\"dateModified\":\"2023-11-30T11:39:46+00:00\",\"breadcrumb\":{\"@id\":\"https:\/\/www.botta.it\/fr\/?p=21762#breadcrumb\"},\"inLanguage\":\"de\",\"potentialAction\":[{\"@type\":\"ReadAction\",\"target\":[\"https:\/\/www.botta.it\/fr\/?p=21762\"]}]},{\"@type\":\"BreadcrumbList\",\"@id\":\"https:\/\/www.botta.it\/fr\/?p=21762#breadcrumb\",\"itemListElement\":[{\"@type\":\"ListItem\",\"position\":1,\"name\":\"Home\",\"item\":\"https:\/\/www.botta.it\/\"},{\"@type\":\"ListItem\",\"position\":2,\"name\":\"News\",\"item\":\"https:\/\/www.botta.it\/categoria\/news\/\"},{\"@type\":\"ListItem\",\"position\":3,\"name\":\"LARA BOTTA, STELLVERTRETENDE PR\u00c4SIDENTIN VON BOTTA ECOPACKAGING, NIMMT AN EINER PODIUMSDISKUSSION ZUM THEMA EINGLIEDERUNGSPOLITIK AUF DER ERFOLGREICHEN VERANSTALTUNG DES FORUM LAVORO &#038; IMPRESA TEIL\"}]},{\"@type\":\"WebSite\",\"@id\":\"https:\/\/www.botta.it\/#website\",\"url\":\"https:\/\/www.botta.it\/\",\"name\":\"BOTTA PACKAGING \u00bb eco-packaging solutions\",\"description\":\"\u00d6kologische verpackungsl\u00f6sungen, wellpappe liefert, kartons, umschl\u00e4ge, airbags.\",\"publisher\":{\"@id\":\"https:\/\/www.botta.it\/#organization\"},\"potentialAction\":[{\"@type\":\"SearchAction\",\"target\":{\"@type\":\"EntryPoint\",\"urlTemplate\":\"https:\/\/www.botta.it\/?s={search_term_string}\"},\"query-input\":\"required name=search_term_string\"}],\"inLanguage\":\"de\"},{\"@type\":\"Organization\",\"@id\":\"https:\/\/www.botta.it\/#organization\",\"name\":\"BOTTA EcoPackaging\",\"url\":\"https:\/\/www.botta.it\/\",\"logo\":{\"@type\":\"ImageObject\",\"inLanguage\":\"de\",\"@id\":\"https:\/\/www.botta.it\/#\/schema\/logo\/image\/\",\"url\":\"https:\/\/www.botta.it\/wp-content\/uploads\/2021\/12\/Logo-RGB.png\",\"contentUrl\":\"https:\/\/www.botta.it\/wp-content\/uploads\/2021\/12\/Logo-RGB.png\",\"width\":1600,\"height\":1043,\"caption\":\"BOTTA EcoPackaging\"},\"image\":{\"@id\":\"https:\/\/www.botta.it\/#\/schema\/logo\/image\/\"},\"sameAs\":[\"https:\/\/www.facebook.com\/bottapackaging\/\",\"https:\/\/twitter.com\/botta_box\",\"https:\/\/www.instagram.com\/botta_box\/\",\"https:\/\/it.linkedin.com\/company\/botta-ecopackaging\",\"https:\/\/www.youtube.com\/channel\/UCLhT-tw_FsukJfrKi73c48Q\"]},{\"@type\":\"Person\",\"@id\":\"https:\/\/www.botta.it\/#\/schema\/person\/c69d9d6062157a7a80589770c061b789\",\"name\":\"Clara Augustina\",\"image\":{\"@type\":\"ImageObject\",\"inLanguage\":\"de\",\"@id\":\"https:\/\/www.botta.it\/#\/schema\/person\/image\/\",\"url\":\"https:\/\/secure.gravatar.com\/avatar\/801c896cd3c0f60abcd175b4d08d0ae5?s=96&d=mm&r=g\",\"contentUrl\":\"https:\/\/secure.gravatar.com\/avatar\/801c896cd3c0f60abcd175b4d08d0ae5?s=96&d=mm&r=g\",\"caption\":\"Clara Augustina\"}}]}<\/script>\n<!-- \/ Yoast SEO Premium plugin. -->","yoast_head_json":{"title":"BOTTA PACKAGING \u00bb eco-packaging solutions - LARA BOTTA, STELLVERTRETENDE PR\u00c4SIDENTIN VON BOTTA ECOPACKAGING, NIMMT AN EINER PODIUMSDISKUSSION ZUM THEMA EINGLIEDERUNGSPOLITIK AUF DER ERFOLGREICHEN VERANSTALTUNG DES FORUM LAVORO & IMPRESA TEIL","robots":{"index":"index","follow":"follow","max-snippet":"max-snippet:-1","max-image-preview":"max-image-preview:large","max-video-preview":"max-video-preview:-1"},"canonical":"https:\/\/www.botta.it\/fr\/?p=21762","og_locale":"de_DE","og_type":"article","og_title":"LARA BOTTA, STELLVERTRETENDE PR\u00c4SIDENTIN VON BOTTA ECOPACKAGING, NIMMT AN EINER PODIUMSDISKUSSION ZUM THEMA EINGLIEDERUNGSPOLITIK AUF DER ERFOLGREICHEN VERANSTALTUNG DES FORUM LAVORO & IMPRESA TEIL","og_description":"BOTTA EcoPackaging freut sich, die erfolgreiche Teilnahme von Lara BOTTA, VP Business Development &amp; Innovation des Unternehmens, als hochkar\u00e4tige Rednerin an der mit Spannung erwarteten Veranstaltung FORUM LAVORO &amp; IMPRESA bekannt zu geben, die von Class Editori organisiert und live auf Clas CBNC (Sky 507), Milano Finanza und Italia Oggi \u00fcbertragen wurde. Die Veranstaltung fand &hellip; LARA BOTTA, STELLVERTRETENDE PR\u00c4SIDENTIN VON BOTTA ECOPACKAGING, NIMMT AN EINER PODIUMSDISKUSSION ZUM THEMA EINGLIEDERUNGSPOLITIK AUF DER ERFOLGREICHEN VERANSTALTUNG DES FORUM LAVORO &#038; IMPRESA TEIL Mehr lesen \u00bb","og_url":"https:\/\/www.botta.it\/fr\/?p=21762","og_site_name":"BOTTA PACKAGING \u00bb eco-packaging solutions","article_publisher":"https:\/\/www.facebook.com\/bottapackaging\/","article_published_time":"2023-06-07T10:35:13+00:00","article_modified_time":"2023-11-30T11:39:46+00:00","og_image":[{"width":1920,"height":1080,"url":"https:\/\/www.botta.it\/wp-content\/uploads\/2023\/06\/Lara-Botta-Lavoro-e-Impresa-Forum.png","type":"image\/png"}],"author":"Clara Augustina","twitter_card":"summary_large_image","twitter_creator":"@botta_box","twitter_site":"@botta_box","schema":{"@context":"https:\/\/schema.org","@graph":[{"@type":"Article","@id":"https:\/\/www.botta.it\/fr\/?p=21762#article","isPartOf":{"@id":"https:\/\/www.botta.it\/fr\/?p=21762"},"author":{"name":"Clara Augustina","@id":"https:\/\/www.botta.it\/#\/schema\/person\/c69d9d6062157a7a80589770c061b789"},"headline":"LARA BOTTA, STELLVERTRETENDE PR\u00c4SIDENTIN VON BOTTA ECOPACKAGING, NIMMT AN EINER PODIUMSDISKUSSION ZUM THEMA EINGLIEDERUNGSPOLITIK AUF DER ERFOLGREICHEN VERANSTALTUNG DES FORUM LAVORO &#038; IMPRESA TEIL","datePublished":"2023-06-07T10:35:13+00:00","dateModified":"2023-11-30T11:39:46+00:00","mainEntityOfPage":{"@id":"https:\/\/www.botta.it\/fr\/?p=21762"},"wordCount":314,"publisher":{"@id":"https:\/\/www.botta.it\/#organization"},"articleSection":["Nachrichten"],"inLanguage":"de"},{"@type":"WebPage","@id":"https:\/\/www.botta.it\/fr\/?p=21762","url":"https:\/\/www.botta.it\/fr\/?p=21762","name":"BOTTA PACKAGING \u00bb eco-packaging solutions - LARA BOTTA, STELLVERTRETENDE PR\u00c4SIDENTIN VON BOTTA ECOPACKAGING, NIMMT AN EINER PODIUMSDISKUSSION ZUM THEMA EINGLIEDERUNGSPOLITIK AUF DER ERFOLGREICHEN VERANSTALTUNG DES FORUM LAVORO & IMPRESA TEIL","isPartOf":{"@id":"https:\/\/www.botta.it\/#website"},"datePublished":"2023-06-07T10:35:13+00:00","dateModified":"2023-11-30T11:39:46+00:00","breadcrumb":{"@id":"https:\/\/www.botta.it\/fr\/?p=21762#breadcrumb"},"inLanguage":"de","potentialAction":[{"@type":"ReadAction","target":["https:\/\/www.botta.it\/fr\/?p=21762"]}]},{"@type":"BreadcrumbList","@id":"https:\/\/www.botta.it\/fr\/?p=21762#breadcrumb","itemListElement":[{"@type":"ListItem","position":1,"name":"Home","item":"https:\/\/www.botta.it\/"},{"@type":"ListItem","position":2,"name":"News","item":"https:\/\/www.botta.it\/categoria\/news\/"},{"@type":"ListItem","position":3,"name":"LARA BOTTA, STELLVERTRETENDE PR\u00c4SIDENTIN VON BOTTA ECOPACKAGING, NIMMT AN EINER PODIUMSDISKUSSION ZUM THEMA EINGLIEDERUNGSPOLITIK AUF DER ERFOLGREICHEN VERANSTALTUNG DES FORUM LAVORO &#038; IMPRESA TEIL"}]},{"@type":"WebSite","@id":"https:\/\/www.botta.it\/#website","url":"https:\/\/www.botta.it\/","name":"BOTTA PACKAGING \u00bb eco-packaging solutions","description":"\u00d6kologische verpackungsl\u00f6sungen, wellpappe liefert, kartons, umschl\u00e4ge, airbags.","publisher":{"@id":"https:\/\/www.botta.it\/#organization"},"potentialAction":[{"@type":"SearchAction","target":{"@type":"EntryPoint","urlTemplate":"https:\/\/www.botta.it\/?s={search_term_string}"},"query-input":"required name=search_term_string"}],"inLanguage":"de"},{"@type":"Organization","@id":"https:\/\/www.botta.it\/#organization","name":"BOTTA EcoPackaging","url":"https:\/\/www.botta.it\/","logo":{"@type":"ImageObject","inLanguage":"de","@id":"https:\/\/www.botta.it\/#\/schema\/logo\/image\/","url":"https:\/\/www.botta.it\/wp-content\/uploads\/2021\/12\/Logo-RGB.png","contentUrl":"https:\/\/www.botta.it\/wp-content\/uploads\/2021\/12\/Logo-RGB.png","width":1600,"height":1043,"caption":"BOTTA EcoPackaging"},"image":{"@id":"https:\/\/www.botta.it\/#\/schema\/logo\/image\/"},"sameAs":["https:\/\/www.facebook.com\/bottapackaging\/","https:\/\/twitter.com\/botta_box","https:\/\/www.instagram.com\/botta_box\/","https:\/\/it.linkedin.com\/company\/botta-ecopackaging","https:\/\/www.youtube.com\/channel\/UCLhT-tw_FsukJfrKi73c48Q"]},{"@type":"Person","@id":"https:\/\/www.botta.it\/#\/schema\/person\/c69d9d6062157a7a80589770c061b789","name":"Clara Augustina","image":{"@type":"ImageObject","inLanguage":"de","@id":"https:\/\/www.botta.it\/#\/schema\/person\/image\/","url":"https:\/\/secure.gravatar.com\/avatar\/801c896cd3c0f60abcd175b4d08d0ae5?s=96&d=mm&r=g","contentUrl":"https:\/\/secure.gravatar.com\/avatar\/801c896cd3c0f60abcd175b4d08d0ae5?s=96&d=mm&r=g","caption":"Clara Augustina"}}]}},"_links":{"self":[{"href":"https:\/\/www.botta.it\/de\/wp-json\/wp\/v2\/posts\/21755"}],"collection":[{"href":"https:\/\/www.botta.it\/de\/wp-json\/wp\/v2\/posts"}],"about":[{"href":"https:\/\/www.botta.it\/de\/wp-json\/wp\/v2\/types\/post"}],"author":[{"embeddable":true,"href":"https:\/\/www.botta.it\/de\/wp-json\/wp\/v2\/users\/19"}],"replies":[{"embeddable":true,"href":"https:\/\/www.botta.it\/de\/wp-json\/wp\/v2\/comments?post=21755"}],"version-history":[{"count":1,"href":"https:\/\/www.botta.it\/de\/wp-json\/wp\/v2\/posts\/21755\/revisions"}],"predecessor-version":[{"id":21758,"href":"https:\/\/www.botta.it\/de\/wp-json\/wp\/v2\/posts\/21755\/revisions\/21758"}],"wp:featuredmedia":[{"embeddable":true,"href":"https:\/\/www.botta.it\/de\/wp-json\/wp\/v2\/media\/19324"}],"wp:attachment":[{"href":"https:\/\/www.botta.it\/de\/wp-json\/wp\/v2\/media?parent=21755"}],"wp:term":[{"taxonomy":"category","embeddable":true,"href":"https:\/\/www.botta.it\/de\/wp-json\/wp\/v2\/categories?post=21755"},{"taxonomy":"post_tag","embeddable":true,"href":"https:\/\/www.botta.it\/de\/wp-json\/wp\/v2\/tags?post=21755"}],"curies":[{"name":"wp","href":"https:\/\/api.w.org\/{rel}","templated":true}]}}