{"id":21630,"date":"2021-02-26T12:14:51","date_gmt":"2021-02-26T11:14:51","guid":{"rendered":"https:\/\/www.botta.it\/?p=21630"},"modified":"2023-11-29T12:19:19","modified_gmt":"2023-11-29T11:19:19","slug":"cnel-floriano-botta-zum-stellvertretenden-praesidenten-gewaehlt","status":"publish","type":"post","link":"https:\/\/www.botta.it\/de\/uncategorized-en\/cnel-floriano-botta-elected-vice-president\/","title":{"rendered":"CNEL: FLORIANO BOTTA ZUM STELLVERTRETENDEN PR\u00c4SIDENTEN GEW\u00c4HLT"},"content":{"rendered":"<p><img decoding=\"async\" class=\"size-full wp-image-12088 aligncenter\" src=\"https:\/\/www.botta.it\/wp-content\/uploads\/2021\/04\/FLORIANO-BOTTA_PRESIDENTE-BOTTA.jpg\" alt=\"\" width=\"266\" height=\"239\" srcset=\"https:\/\/www.botta.it\/wp-content\/uploads\/2021\/04\/FLORIANO-BOTTA_PRESIDENTE-BOTTA.jpg 266w, https:\/\/www.botta.it\/wp-content\/uploads\/2021\/04\/FLORIANO-BOTTA_PRESIDENTE-BOTTA-240x216.jpg 240w\" sizes=\"(max-width: 266px) 100vw, 266px\" \/><\/p>\n<p>Wir freuen uns, Ihnen mitzuteilen, dass unser Pr\u00e4sident, <a href=\"https:\/\/www.botta.it\/de\/ueber-uns\/botta-familie\/\">Floriano Botta<\/a>, ein Vertreter der <a href=\"https:\/\/www.confindustria.it\/home\">Confindustria<\/a>, von der <em>Versammlung des Nationalen Wirtschafts- und Arbeitsrates<\/em> <a href=\"https:\/\/www.cnel.it\/Chi-Siamo\">CNEL<\/a> in seiner Sitzung am Mittwoch, den 24. Februar 2021, zum <a href=\"https:\/\/www.cnel.it\/Comunicazione-e-Stampa\/Notizie\/ArtMID\/694\/ArticleID\/1567\/FLORIANO-BOTTA-ELETTO-VICEPRESIDENTE-DEL-CNEL\">Vizepr\u00e4sidenten<\/a> gew\u00e4hlt wurde; Sie k\u00f6nnen seine Rede <a href=\"https:\/\/www.botta.it\/Users\/Shared1\/Downloads\/discorso%20del%20vicepresidente%20Floriano%20Botta%20-%20CNEL%20Assemblea%2024%20febbraio%202021.pdf\">hier<\/a> lesen.<\/p>\n<p>Presseschau:<\/p>\n<ul>\n<li style=\"list-style-type: none;\">\n<ul>\n<li>ItaliaGrafica <a href=\"https:\/\/www.italiagrafica.com\/limprenditore-cartotecnico-floriano-botta-eletto-vicepresidente-del-cnel\/\">hier<\/a><\/li>\n<li>CIU-Italian Confederation of Intellectual Professions Union <a href=\"http:\/\/www.ciuonline.it\/comunicati-stampa\/floriano-botta-eletto-vicepresidente-del-cnel\/\">hier<\/a><\/li>\n<li>Confetra <a href=\"https:\/\/www.confetra.com\/cnel-confindustria-confitarma-confetra-per-floriano-botta-vicepresidente\/\">hier<\/a><\/li>\n<li>Shipmag <a href=\"https:\/\/www.shipmag.it\/confindustria-confitarma-e-confetra-per-floriano-botta-vicepresidente-del-cnel\/\">hier<\/a><\/li>\n<li>Corriere del Giorno <a href=\"https:\/\/www.ilcorrieredelgiorno.it\/cnel-nominato-il-nuovo-consiglio-dellente-oggetto-del-referendum-ecco-i-nomi-dei-benificiari-dello-spreco-di-denaro-pubblico\/\">hier<\/a><\/li>\n<li>Yahoo Finance <a href=\"https:\/\/it.finance.yahoo.com\/notizie\/cnel-floriano-botta-eletto-vicepresidente-121526040.html?guccounter=1&amp;guce_referrer=aHR0cHM6Ly93d3cuZ29vZ2xlLmNvbS8&amp;guce_referrer_sig=AQAAAFbPuG1C0CmVsqfYWXtR8UiJt5TkuUHcoQivWDXwFZvJdo4rzuMJiP3_f36o9iwbubVOfdcpclIpCzowNJbuwwcxsmEsefbRsQkkHqy64Hlx11L70GxQjMxUJdkWYMgPzg8QsjsvDMskjxpMLvDsI5-9iTBXD8j7YsFZGT_K30gq\">hier<\/a><\/li>\n<\/ul>\n<\/li>\n<\/ul>\n","protected":false},"excerpt":{"rendered":"<p>Wir freuen uns, Ihnen mitzuteilen, dass unser Pr\u00e4sident, Floriano Botta, ein Vertreter der Confindustria, von der Versammlung des Nationalen Wirtschafts- und Arbeitsrates CNEL in seiner Sitzung am Mittwoch, den 24. Februar 2021, zum Vizepr\u00e4sidenten gew\u00e4hlt wurde; Sie k\u00f6nnen seine Rede hier lesen. Presseschau: ItaliaGrafica hier CIU-Italian Confederation of Intellectual Professions Union hier Confetra hier Shipmag &hellip;<\/p>\n<p class=\"read-more\"> <a class=\"\" href=\"https:\/\/www.botta.it\/de\/uncategorized-en\/cnel-floriano-botta-elected-vice-president\/\"> <span class=\"screen-reader-text\">CNEL: FLORIANO BOTTA ZUM STELLVERTRETENDEN PR\u00c4SIDENTEN GEW\u00c4HLT<\/span> Mehr lesen \u00bb<\/a><\/p>\n","protected":false},"author":19,"featured_media":12091,"comment_status":"closed","ping_status":"closed","sticky":false,"template":"","format":"standard","meta":{"om_disable_all_campaigns":false,"_monsterinsights_skip_tracking":false,"_monsterinsights_sitenote_active":false,"_monsterinsights_sitenote_note":"","_monsterinsights_sitenote_category":0,"site-sidebar-layout":"default","site-content-layout":"default","ast-global-header-display":"","ast-banner-title-visibility":"","ast-main-header-display":"","ast-hfb-above-header-display":"","ast-hfb-below-header-display":"","ast-hfb-mobile-header-display":"","site-post-title":"","ast-breadcrumbs-content":"","ast-featured-img":"","footer-sml-layout":"","theme-transparent-header-meta":"default","adv-header-id-meta":"","stick-header-meta":"","header-above-stick-meta":"","header-main-stick-meta":"","header-below-stick-meta":"","footnotes":""},"categories":[],"tags":[],"aioseo_notices":[],"yoast_head":"<!-- This site is optimized with the Yoast SEO Premium plugin v19.2.1 (Yoast SEO v21.9.1) - https:\/\/yoast.com\/wordpress\/plugins\/seo\/ -->\n<title>BOTTA PACKAGING \u00bb eco-packaging solutions - CNEL: FLORIANO BOTTA ZUM STELLVERTRETENDEN PR\u00c4SIDENTEN GEW\u00c4HLT<\/title>\n<meta name=\"robots\" content=\"index, follow, max-snippet:-1, max-image-preview:large, max-video-preview:-1\" \/>\n<link rel=\"canonical\" href=\"https:\/\/www.botta.it\/en\/?p=21636\" \/>\n<meta property=\"og:locale\" content=\"de_DE\" \/>\n<meta property=\"og:type\" content=\"article\" \/>\n<meta property=\"og:title\" content=\"CNEL: FLORIANO BOTTA ZUM STELLVERTRETENDEN PR\u00c4SIDENTEN GEW\u00c4HLT\" \/>\n<meta property=\"og:description\" content=\"Wir freuen uns, Ihnen mitzuteilen, dass unser Pr\u00e4sident, Floriano Botta, ein Vertreter der Confindustria, von der Versammlung des Nationalen Wirtschafts- und Arbeitsrates CNEL in seiner Sitzung am Mittwoch, den 24. Februar 2021, zum Vizepr\u00e4sidenten gew\u00e4hlt wurde; Sie k\u00f6nnen seine Rede hier lesen. Presseschau: ItaliaGrafica hier CIU-Italian Confederation of Intellectual Professions Union hier Confetra hier Shipmag &hellip; CNEL: FLORIANO BOTTA ZUM STELLVERTRETENDEN PR\u00c4SIDENTEN GEW\u00c4HLT Mehr lesen \u00bb\" \/>\n<meta property=\"og:url\" content=\"https:\/\/www.botta.it\/en\/?p=21636\" \/>\n<meta property=\"og:site_name\" content=\"BOTTA PACKAGING \u00bb eco-packaging solutions\" \/>\n<meta property=\"article:publisher\" content=\"https:\/\/www.facebook.com\/bottapackaging\/\" \/>\n<meta property=\"article:published_time\" content=\"2021-02-26T11:14:51+00:00\" \/>\n<meta property=\"article:modified_time\" content=\"2023-11-29T11:19:19+00:00\" \/>\n<meta property=\"og:image\" content=\"https:\/\/www.botta.it\/wp-content\/uploads\/2021\/04\/FLORIANO-BOTTA_PRESIDENTE-BOTTA.jpg\" \/>\n\t<meta property=\"og:image:width\" content=\"266\" \/>\n\t<meta property=\"og:image:height\" content=\"239\" \/>\n\t<meta property=\"og:image:type\" content=\"image\/jpeg\" \/>\n<meta name=\"author\" content=\"Clara Augustina\" \/>\n<meta name=\"twitter:card\" content=\"summary_large_image\" \/>\n<meta name=\"twitter:creator\" content=\"@botta_box\" \/>\n<meta name=\"twitter:site\" content=\"@botta_box\" \/>\n<script type=\"application\/ld+json\" class=\"yoast-schema-graph\">{\"@context\":\"https:\/\/schema.org\",\"@graph\":[{\"@type\":\"Article\",\"@id\":\"https:\/\/www.botta.it\/en\/?p=21636#article\",\"isPartOf\":{\"@id\":\"https:\/\/www.botta.it\/en\/?p=21636\"},\"author\":{\"name\":\"Clara Augustina\",\"@id\":\"https:\/\/www.botta.it\/#\/schema\/person\/c69d9d6062157a7a80589770c061b789\"},\"headline\":\"CNEL: FLORIANO BOTTA ZUM STELLVERTRETENDEN PR\u00c4SIDENTEN GEW\u00c4HLT\",\"datePublished\":\"2021-02-26T11:14:51+00:00\",\"dateModified\":\"2023-11-29T11:19:19+00:00\",\"mainEntityOfPage\":{\"@id\":\"https:\/\/www.botta.it\/en\/?p=21636\"},\"wordCount\":74,\"publisher\":{\"@id\":\"https:\/\/www.botta.it\/#organization\"},\"inLanguage\":\"de\"},{\"@type\":\"WebPage\",\"@id\":\"https:\/\/www.botta.it\/en\/?p=21636\",\"url\":\"https:\/\/www.botta.it\/en\/?p=21636\",\"name\":\"BOTTA PACKAGING \u00bb eco-packaging solutions - CNEL: FLORIANO BOTTA ZUM STELLVERTRETENDEN PR\u00c4SIDENTEN GEW\u00c4HLT\",\"isPartOf\":{\"@id\":\"https:\/\/www.botta.it\/#website\"},\"datePublished\":\"2021-02-26T11:14:51+00:00\",\"dateModified\":\"2023-11-29T11:19:19+00:00\",\"breadcrumb\":{\"@id\":\"https:\/\/www.botta.it\/en\/?p=21636#breadcrumb\"},\"inLanguage\":\"de\",\"potentialAction\":[{\"@type\":\"ReadAction\",\"target\":[\"https:\/\/www.botta.it\/en\/?p=21636\"]}]},{\"@type\":\"BreadcrumbList\",\"@id\":\"https:\/\/www.botta.it\/en\/?p=21636#breadcrumb\",\"itemListElement\":[{\"@type\":\"ListItem\",\"position\":1,\"name\":\"Home\",\"item\":\"https:\/\/www.botta.it\/\"},{\"@type\":\"ListItem\",\"position\":2,\"name\":\"Rassegna stampa\",\"item\":\"https:\/\/www.botta.it\/categoria\/rassegna-stampa\/\"},{\"@type\":\"ListItem\",\"position\":3,\"name\":\"CNEL: FLORIANO BOTTA ZUM STELLVERTRETENDEN PR\u00c4SIDENTEN GEW\u00c4HLT\"}]},{\"@type\":\"WebSite\",\"@id\":\"https:\/\/www.botta.it\/#website\",\"url\":\"https:\/\/www.botta.it\/\",\"name\":\"BOTTA PACKAGING \u00bb eco-packaging solutions\",\"description\":\"\u00d6kologische verpackungsl\u00f6sungen, wellpappe liefert, kartons, umschl\u00e4ge, airbags.\",\"publisher\":{\"@id\":\"https:\/\/www.botta.it\/#organization\"},\"potentialAction\":[{\"@type\":\"SearchAction\",\"target\":{\"@type\":\"EntryPoint\",\"urlTemplate\":\"https:\/\/www.botta.it\/?s={search_term_string}\"},\"query-input\":\"required name=search_term_string\"}],\"inLanguage\":\"de\"},{\"@type\":\"Organization\",\"@id\":\"https:\/\/www.botta.it\/#organization\",\"name\":\"BOTTA EcoPackaging\",\"url\":\"https:\/\/www.botta.it\/\",\"logo\":{\"@type\":\"ImageObject\",\"inLanguage\":\"de\",\"@id\":\"https:\/\/www.botta.it\/#\/schema\/logo\/image\/\",\"url\":\"https:\/\/www.botta.it\/wp-content\/uploads\/2021\/12\/Logo-RGB.png\",\"contentUrl\":\"https:\/\/www.botta.it\/wp-content\/uploads\/2021\/12\/Logo-RGB.png\",\"width\":1600,\"height\":1043,\"caption\":\"BOTTA EcoPackaging\"},\"image\":{\"@id\":\"https:\/\/www.botta.it\/#\/schema\/logo\/image\/\"},\"sameAs\":[\"https:\/\/www.facebook.com\/bottapackaging\/\",\"https:\/\/twitter.com\/botta_box\",\"https:\/\/www.instagram.com\/botta_box\/\",\"https:\/\/it.linkedin.com\/company\/botta-ecopackaging\",\"https:\/\/www.youtube.com\/channel\/UCLhT-tw_FsukJfrKi73c48Q\"]},{\"@type\":\"Person\",\"@id\":\"https:\/\/www.botta.it\/#\/schema\/person\/c69d9d6062157a7a80589770c061b789\",\"name\":\"Clara Augustina\",\"image\":{\"@type\":\"ImageObject\",\"inLanguage\":\"de\",\"@id\":\"https:\/\/www.botta.it\/#\/schema\/person\/image\/\",\"url\":\"https:\/\/secure.gravatar.com\/avatar\/801c896cd3c0f60abcd175b4d08d0ae5?s=96&d=mm&r=g\",\"contentUrl\":\"https:\/\/secure.gravatar.com\/avatar\/801c896cd3c0f60abcd175b4d08d0ae5?s=96&d=mm&r=g\",\"caption\":\"Clara Augustina\"}}]}<\/script>\n<!-- \/ Yoast SEO Premium plugin. -->","yoast_head_json":{"title":"BOTTA PACKAGING \u00bb eco-packaging solutions - CNEL: FLORIANO BOTTA ZUM STELLVERTRETENDEN PR\u00c4SIDENTEN GEW\u00c4HLT","robots":{"index":"index","follow":"follow","max-snippet":"max-snippet:-1","max-image-preview":"max-image-preview:large","max-video-preview":"max-video-preview:-1"},"canonical":"https:\/\/www.botta.it\/en\/?p=21636","og_locale":"de_DE","og_type":"article","og_title":"CNEL: FLORIANO BOTTA ZUM STELLVERTRETENDEN PR\u00c4SIDENTEN GEW\u00c4HLT","og_description":"Wir freuen uns, Ihnen mitzuteilen, dass unser Pr\u00e4sident, Floriano Botta, ein Vertreter der Confindustria, von der Versammlung des Nationalen Wirtschafts- und Arbeitsrates CNEL in seiner Sitzung am Mittwoch, den 24. Februar 2021, zum Vizepr\u00e4sidenten gew\u00e4hlt wurde; Sie k\u00f6nnen seine Rede hier lesen. Presseschau: ItaliaGrafica hier CIU-Italian Confederation of Intellectual Professions Union hier Confetra hier Shipmag &hellip; CNEL: FLORIANO BOTTA ZUM STELLVERTRETENDEN PR\u00c4SIDENTEN GEW\u00c4HLT Mehr lesen \u00bb","og_url":"https:\/\/www.botta.it\/en\/?p=21636","og_site_name":"BOTTA PACKAGING \u00bb eco-packaging solutions","article_publisher":"https:\/\/www.facebook.com\/bottapackaging\/","article_published_time":"2021-02-26T11:14:51+00:00","article_modified_time":"2023-11-29T11:19:19+00:00","og_image":[{"width":266,"height":239,"url":"https:\/\/www.botta.it\/wp-content\/uploads\/2021\/04\/FLORIANO-BOTTA_PRESIDENTE-BOTTA.jpg","type":"image\/jpeg"}],"author":"Clara Augustina","twitter_card":"summary_large_image","twitter_creator":"@botta_box","twitter_site":"@botta_box","schema":{"@context":"https:\/\/schema.org","@graph":[{"@type":"Article","@id":"https:\/\/www.botta.it\/en\/?p=21636#article","isPartOf":{"@id":"https:\/\/www.botta.it\/en\/?p=21636"},"author":{"name":"Clara Augustina","@id":"https:\/\/www.botta.it\/#\/schema\/person\/c69d9d6062157a7a80589770c061b789"},"headline":"CNEL: FLORIANO BOTTA ZUM STELLVERTRETENDEN PR\u00c4SIDENTEN GEW\u00c4HLT","datePublished":"2021-02-26T11:14:51+00:00","dateModified":"2023-11-29T11:19:19+00:00","mainEntityOfPage":{"@id":"https:\/\/www.botta.it\/en\/?p=21636"},"wordCount":74,"publisher":{"@id":"https:\/\/www.botta.it\/#organization"},"inLanguage":"de"},{"@type":"WebPage","@id":"https:\/\/www.botta.it\/en\/?p=21636","url":"https:\/\/www.botta.it\/en\/?p=21636","name":"BOTTA PACKAGING \u00bb eco-packaging solutions - CNEL: FLORIANO BOTTA ZUM STELLVERTRETENDEN PR\u00c4SIDENTEN GEW\u00c4HLT","isPartOf":{"@id":"https:\/\/www.botta.it\/#website"},"datePublished":"2021-02-26T11:14:51+00:00","dateModified":"2023-11-29T11:19:19+00:00","breadcrumb":{"@id":"https:\/\/www.botta.it\/en\/?p=21636#breadcrumb"},"inLanguage":"de","potentialAction":[{"@type":"ReadAction","target":["https:\/\/www.botta.it\/en\/?p=21636"]}]},{"@type":"BreadcrumbList","@id":"https:\/\/www.botta.it\/en\/?p=21636#breadcrumb","itemListElement":[{"@type":"ListItem","position":1,"name":"Home","item":"https:\/\/www.botta.it\/"},{"@type":"ListItem","position":2,"name":"Rassegna stampa","item":"https:\/\/www.botta.it\/categoria\/rassegna-stampa\/"},{"@type":"ListItem","position":3,"name":"CNEL: FLORIANO BOTTA ZUM STELLVERTRETENDEN PR\u00c4SIDENTEN GEW\u00c4HLT"}]},{"@type":"WebSite","@id":"https:\/\/www.botta.it\/#website","url":"https:\/\/www.botta.it\/","name":"BOTTA PACKAGING \u00bb eco-packaging solutions","description":"\u00d6kologische verpackungsl\u00f6sungen, wellpappe liefert, kartons, umschl\u00e4ge, airbags.","publisher":{"@id":"https:\/\/www.botta.it\/#organization"},"potentialAction":[{"@type":"SearchAction","target":{"@type":"EntryPoint","urlTemplate":"https:\/\/www.botta.it\/?s={search_term_string}"},"query-input":"required name=search_term_string"}],"inLanguage":"de"},{"@type":"Organization","@id":"https:\/\/www.botta.it\/#organization","name":"BOTTA EcoPackaging","url":"https:\/\/www.botta.it\/","logo":{"@type":"ImageObject","inLanguage":"de","@id":"https:\/\/www.botta.it\/#\/schema\/logo\/image\/","url":"https:\/\/www.botta.it\/wp-content\/uploads\/2021\/12\/Logo-RGB.png","contentUrl":"https:\/\/www.botta.it\/wp-content\/uploads\/2021\/12\/Logo-RGB.png","width":1600,"height":1043,"caption":"BOTTA EcoPackaging"},"image":{"@id":"https:\/\/www.botta.it\/#\/schema\/logo\/image\/"},"sameAs":["https:\/\/www.facebook.com\/bottapackaging\/","https:\/\/twitter.com\/botta_box","https:\/\/www.instagram.com\/botta_box\/","https:\/\/it.linkedin.com\/company\/botta-ecopackaging","https:\/\/www.youtube.com\/channel\/UCLhT-tw_FsukJfrKi73c48Q"]},{"@type":"Person","@id":"https:\/\/www.botta.it\/#\/schema\/person\/c69d9d6062157a7a80589770c061b789","name":"Clara Augustina","image":{"@type":"ImageObject","inLanguage":"de","@id":"https:\/\/www.botta.it\/#\/schema\/person\/image\/","url":"https:\/\/secure.gravatar.com\/avatar\/801c896cd3c0f60abcd175b4d08d0ae5?s=96&d=mm&r=g","contentUrl":"https:\/\/secure.gravatar.com\/avatar\/801c896cd3c0f60abcd175b4d08d0ae5?s=96&d=mm&r=g","caption":"Clara Augustina"}}]}},"_links":{"self":[{"href":"https:\/\/www.botta.it\/de\/wp-json\/wp\/v2\/posts\/21630"}],"collection":[{"href":"https:\/\/www.botta.it\/de\/wp-json\/wp\/v2\/posts"}],"about":[{"href":"https:\/\/www.botta.it\/de\/wp-json\/wp\/v2\/types\/post"}],"author":[{"embeddable":true,"href":"https:\/\/www.botta.it\/de\/wp-json\/wp\/v2\/users\/19"}],"replies":[{"embeddable":true,"href":"https:\/\/www.botta.it\/de\/wp-json\/wp\/v2\/comments?post=21630"}],"version-history":[{"count":3,"href":"https:\/\/www.botta.it\/de\/wp-json\/wp\/v2\/posts\/21630\/revisions"}],"predecessor-version":[{"id":21635,"href":"https:\/\/www.botta.it\/de\/wp-json\/wp\/v2\/posts\/21630\/revisions\/21635"}],"wp:featuredmedia":[{"embeddable":true,"href":"https:\/\/www.botta.it\/de\/wp-json\/wp\/v2\/media\/12091"}],"wp:attachment":[{"href":"https:\/\/www.botta.it\/de\/wp-json\/wp\/v2\/media?parent=21630"}],"wp:term":[{"taxonomy":"category","embeddable":true,"href":"https:\/\/www.botta.it\/de\/wp-json\/wp\/v2\/categories?post=21630"},{"taxonomy":"post_tag","embeddable":true,"href":"https:\/\/www.botta.it\/de\/wp-json\/wp\/v2\/tags?post=21630"}],"curies":[{"name":"wp","href":"https:\/\/api.w.org\/{rel}","templated":true}]}}